{"id":668,"date":"2026-01-09T17:00:20","date_gmt":"2026-01-09T20:00:20","guid":{"rendered":"https:\/\/nedereromano.com.br\/?p=668"},"modified":"2026-01-09T17:00:33","modified_gmt":"2026-01-09T20:00:33","slug":"roberta-romano-em-destaque-no-valor-sobre-direitos-de-imagem-de-jogadores-de-futebol","status":"publish","type":"post","link":"https:\/\/nedereromano.com.br\/en\/roberta-romano-em-destaque-no-valor-sobre-direitos-de-imagem-de-jogadores-de-futebol\/","title":{"rendered":"(PT) Roberta Romano em destaque no Valor sobre direitos de imagem de jogadores de futebol"},"content":{"rendered":"<p class=\"qtranxs-available-languages-message qtranxs-available-languages-message-en\">Sorry, this entry is only available in <a href=\"https:\/\/nedereromano.com.br\/pb\/wp-json\/wp\/v2\/posts\/668\" class=\"qtranxs-available-language-link qtranxs-available-language-link-pb\" title=\"PT\">PT<\/a>.<\/p>","protected":false},"excerpt":{"rendered":"<p>Sorry, this entry is only available in PT.<\/p>\n","protected":false},"author":2,"featured_media":556,"comment_status":"closed","ping_status":"closed","sticky":false,"template":"","format":"standard","meta":{"_acf_changed":false,"footnotes":""},"categories":[1],"tags":[],"class_list":["post-668","post","type-post","status-publish","format-standard","has-post-thumbnail","hentry","category-noticias"],"acf":[],"yoast_head":"<!-- This site is optimized with the Yoast SEO plugin v24.4 - https:\/\/yoast.com\/wordpress\/plugins\/seo\/ -->\n<title>Roberta Romano no Valor sobre direitos de imagem de jogadores<\/title>\n<meta name=\"description\" content=\"A recente decis\u00e3o envolvendo Neymar J\u00fanior refor\u00e7a a consolida\u00e7\u00e3o do entendimento sobre a explora\u00e7\u00e3o de direitos de imagem.\" \/>\n<meta name=\"robots\" content=\"index, follow, max-snippet:-1, max-image-preview:large, max-video-preview:-1\" \/>\n<link rel=\"canonical\" href=\"https:\/\/nedereromano.com.br\/en\/roberta-romano-em-destaque-no-valor-sobre-direitos-de-imagem-de-jogadores-de-futebol\/\" \/>\n<meta property=\"og:locale\" content=\"en_US\" \/>\n<meta property=\"og:type\" content=\"article\" \/>\n<meta property=\"og:title\" content=\"Roberta Romano no Valor sobre direitos de imagem de jogadores\" \/>\n<meta property=\"og:description\" content=\"A recente decis\u00e3o envolvendo Neymar J\u00fanior refor\u00e7a a consolida\u00e7\u00e3o do entendimento sobre a explora\u00e7\u00e3o de direitos de imagem.\" \/>\n<meta property=\"og:url\" content=\"https:\/\/nedereromano.com.br\/en\/roberta-romano-em-destaque-no-valor-sobre-direitos-de-imagem-de-jogadores-de-futebol\/\" \/>\n<meta property=\"og:site_name\" content=\"Neder e Romano Advogados\" \/>\n<meta property=\"article:published_time\" content=\"2026-01-09T20:00:20+00:00\" \/>\n<meta property=\"article:modified_time\" content=\"2026-01-09T20:00:33+00:00\" \/>\n<meta property=\"og:image\" content=\"https:\/\/nedereromano.com.br\/wp-content\/uploads\/2025\/02\/grass-2616911_1280.jpg\" \/>\n\t<meta property=\"og:image:width\" content=\"1280\" \/>\n\t<meta property=\"og:image:height\" content=\"853\" \/>\n\t<meta property=\"og:image:type\" content=\"image\/jpeg\" \/>\n<meta name=\"author\" content=\"LETS Marketing\" \/>\n<meta name=\"twitter:card\" content=\"summary_large_image\" \/>\n<meta name=\"twitter:label1\" content=\"Written by\" \/>\n\t<meta name=\"twitter:data1\" content=\"LETS Marketing\" \/>\n\t<meta name=\"twitter:label2\" content=\"Est. reading time\" \/>\n\t<meta name=\"twitter:data2\" content=\"1 minute\" \/>\n<script type=\"application\/ld+json\" class=\"yoast-schema-graph\">{\"@context\":\"https:\/\/schema.org\",\"@graph\":[{\"@type\":\"Article\",\"@id\":\"https:\/\/nedereromano.com.br\/roberta-romano-em-destaque-no-valor-sobre-direitos-de-imagem-de-jogadores-de-futebol\/#article\",\"isPartOf\":{\"@id\":\"https:\/\/nedereromano.com.br\/roberta-romano-em-destaque-no-valor-sobre-direitos-de-imagem-de-jogadores-de-futebol\/\"},\"author\":{\"name\":\"LETS Marketing\",\"@id\":\"https:\/\/nedereromano.com.br\/#\/schema\/person\/a64d68f0b28c686c8a5a11ca14401b9c\"},\"headline\":\"(PT) Roberta Romano em destaque no Valor sobre direitos de imagem de jogadores de futebol\",\"datePublished\":\"2026-01-09T20:00:20+00:00\",\"dateModified\":\"2026-01-09T20:00:33+00:00\",\"mainEntityOfPage\":{\"@id\":\"https:\/\/nedereromano.com.br\/roberta-romano-em-destaque-no-valor-sobre-direitos-de-imagem-de-jogadores-de-futebol\/\"},\"wordCount\":129,\"publisher\":{\"@id\":\"https:\/\/nedereromano.com.br\/#organization\"},\"image\":{\"@id\":\"https:\/\/nedereromano.com.br\/roberta-romano-em-destaque-no-valor-sobre-direitos-de-imagem-de-jogadores-de-futebol\/#primaryimage\"},\"thumbnailUrl\":\"https:\/\/nedereromano.com.br\/wp-content\/uploads\/2025\/02\/grass-2616911_1280.jpg\",\"articleSection\":[\"Sem categoria\"],\"inLanguage\":\"en-US\"},{\"@type\":\"WebPage\",\"@id\":\"https:\/\/nedereromano.com.br\/en\/roberta-romano-em-destaque-no-valor-sobre-direitos-de-imagem-de-jogadores-de-futebol\/\",\"url\":\"https:\/\/nedereromano.com.br\/en\/roberta-romano-em-destaque-no-valor-sobre-direitos-de-imagem-de-jogadores-de-futebol\/\",\"name\":\"Roberta Romano no Valor sobre direitos de imagem de jogadores\",\"isPartOf\":{\"@id\":\"https:\/\/nedereromano.com.br\/en\/#website\"},\"primaryImageOfPage\":{\"@id\":\"https:\/\/nedereromano.com.br\/en\/roberta-romano-em-destaque-no-valor-sobre-direitos-de-imagem-de-jogadores-de-futebol\/#primaryimage\"},\"image\":{\"@id\":\"https:\/\/nedereromano.com.br\/roberta-romano-em-destaque-no-valor-sobre-direitos-de-imagem-de-jogadores-de-futebol\/#primaryimage\"},\"thumbnailUrl\":\"https:\/\/nedereromano.com.br\/wp-content\/uploads\/2025\/02\/grass-2616911_1280.jpg\",\"datePublished\":\"2026-01-09T20:00:20+00:00\",\"dateModified\":\"2026-01-09T20:00:33+00:00\",\"description\":\"A recente decis\u00e3o envolvendo Neymar J\u00fanior refor\u00e7a a consolida\u00e7\u00e3o do entendimento sobre a explora\u00e7\u00e3o de direitos de imagem.\",\"breadcrumb\":{\"@id\":\"https:\/\/nedereromano.com.br\/en\/roberta-romano-em-destaque-no-valor-sobre-direitos-de-imagem-de-jogadores-de-futebol\/#breadcrumb\"},\"inLanguage\":\"en-US\",\"potentialAction\":[{\"@type\":\"ReadAction\",\"target\":[[\"https:\/\/nedereromano.com.br\/en\/roberta-romano-em-destaque-no-valor-sobre-direitos-de-imagem-de-jogadores-de-futebol\/\"]]}]},{\"@type\":\"ImageObject\",\"inLanguage\":\"en-US\",\"@id\":\"https:\/\/nedereromano.com.br\/en\/roberta-romano-em-destaque-no-valor-sobre-direitos-de-imagem-de-jogadores-de-futebol\/#primaryimage\",\"url\":\"https:\/\/nedereromano.com.br\/wp-content\/uploads\/2025\/02\/grass-2616911_1280.jpg\",\"contentUrl\":\"https:\/\/nedereromano.com.br\/wp-content\/uploads\/2025\/02\/grass-2616911_1280.jpg\",\"width\":1280,\"height\":853},{\"@type\":\"BreadcrumbList\",\"@id\":\"https:\/\/nedereromano.com.br\/en\/roberta-romano-em-destaque-no-valor-sobre-direitos-de-imagem-de-jogadores-de-futebol\/#breadcrumb\",\"itemListElement\":[{\"@type\":\"ListItem\",\"position\":1,\"name\":\"In\u00edcio\",\"item\":\"https:\/\/nedereromano.com.br\/en\/\"},{\"@type\":\"ListItem\",\"position\":2,\"name\":\"Roberta Romano em destaque no Valor sobre direitos de imagem de jogadores de futebol\"}]},{\"@type\":\"WebSite\",\"@id\":\"https:\/\/nedereromano.com.br\/en\/#website\",\"url\":\"https:\/\/nedereromano.com.br\/en\/\",\"name\":\"Neder e Romano Advogados\",\"description\":\"\",\"publisher\":{\"@id\":\"https:\/\/nedereromano.com.br\/en\/#organization\"},\"potentialAction\":[{\"@type\":\"SearchAction\",\"target\":{\"@type\":\"EntryPoint\",\"urlTemplate\":\"https:\/\/nedereromano.com.br\/en\/?s={search_term_string}\"},\"query-input\":{\"@type\":\"PropertyValueSpecification\",\"valueRequired\":true,\"valueName\":\"search_term_string\"}}],\"inLanguage\":\"en-US\"},{\"@type\":\"Organization\",\"@id\":\"https:\/\/nedereromano.com.br\/en\/#organization\",\"name\":\"Neder e Romano Advogados\",\"url\":\"https:\/\/nedereromano.com.br\/en\/\",\"logo\":{\"@type\":\"ImageObject\",\"inLanguage\":\"en-US\",\"@id\":\"https:\/\/nedereromano.com.br\/en\/#\/schema\/logo\/image\/\",\"url\":\"https:\/\/nedereromano.com.br\/wp-content\/uploads\/2025\/01\/Logo-02.png\",\"contentUrl\":\"https:\/\/nedereromano.com.br\/wp-content\/uploads\/2025\/01\/Logo-02.png\",\"width\":797,\"height\":148,\"caption\":\"Neder e Romano Advogados\"},\"image\":{\"@id\":\"https:\/\/nedereromano.com.br\/en\/#\/schema\/logo\/image\/\"},\"sameAs\":[\"https:\/\/www.linkedin.com\/company\/nedereromano\/posts\/?feedView=all\",\"https:\/\/www.instagram.com\/nedereromano\/\"]},{\"@type\":\"Person\",\"@id\":\"https:\/\/nedereromano.com.br\/#\/schema\/person\/a64d68f0b28c686c8a5a11ca14401b9c\",\"name\":\"LETS Marketing\",\"image\":{\"@type\":\"ImageObject\",\"inLanguage\":\"en-US\",\"@id\":\"https:\/\/nedereromano.com.br\/en\/#\/schema\/person\/image\/\",\"url\":\"https:\/\/secure.gravatar.com\/avatar\/6f5c31d0db7b52b3204173a2378513b6?s=96&d=mm&r=g\",\"contentUrl\":\"https:\/\/secure.gravatar.com\/avatar\/6f5c31d0db7b52b3204173a2378513b6?s=96&d=mm&r=g\",\"caption\":\"LETS Marketing\"},\"sameAs\":[\"http:\/\/www.letsmarketing.com.br\"],\"url\":\"https:\/\/nedereromano.com.br\/en\/author\/lets\/\"}]}<\/script>\n<!-- \/ Yoast SEO plugin. -->","yoast_head_json":{"title":"Roberta Romano no Valor sobre direitos de imagem de jogadores","description":"A recente decis\u00e3o envolvendo Neymar J\u00fanior refor\u00e7a a consolida\u00e7\u00e3o do entendimento sobre a explora\u00e7\u00e3o de direitos de imagem.","robots":{"index":"index","follow":"follow","max-snippet":"max-snippet:-1","max-image-preview":"max-image-preview:large","max-video-preview":"max-video-preview:-1"},"canonical":"https:\/\/nedereromano.com.br\/en\/roberta-romano-em-destaque-no-valor-sobre-direitos-de-imagem-de-jogadores-de-futebol\/","og_locale":"en_US","og_type":"article","og_title":"Roberta Romano no Valor sobre direitos de imagem de jogadores","og_description":"A recente decis\u00e3o envolvendo Neymar J\u00fanior refor\u00e7a a consolida\u00e7\u00e3o do entendimento sobre a explora\u00e7\u00e3o de direitos de imagem.","og_url":"https:\/\/nedereromano.com.br\/en\/roberta-romano-em-destaque-no-valor-sobre-direitos-de-imagem-de-jogadores-de-futebol\/","og_site_name":"Neder e Romano Advogados","article_published_time":"2026-01-09T20:00:20+00:00","article_modified_time":"2026-01-09T20:00:33+00:00","og_image":[{"width":1280,"height":853,"url":"https:\/\/nedereromano.com.br\/wp-content\/uploads\/2025\/02\/grass-2616911_1280.jpg","type":"image\/jpeg"}],"author":"LETS Marketing","twitter_card":"summary_large_image","twitter_misc":{"Written by":"LETS Marketing","Est. reading time":"1 minute"},"schema":{"@context":"https:\/\/schema.org","@graph":[{"@type":"Article","@id":"https:\/\/nedereromano.com.br\/roberta-romano-em-destaque-no-valor-sobre-direitos-de-imagem-de-jogadores-de-futebol\/#article","isPartOf":{"@id":"https:\/\/nedereromano.com.br\/roberta-romano-em-destaque-no-valor-sobre-direitos-de-imagem-de-jogadores-de-futebol\/"},"author":{"name":"LETS Marketing","@id":"https:\/\/nedereromano.com.br\/#\/schema\/person\/a64d68f0b28c686c8a5a11ca14401b9c"},"headline":"(PT) Roberta Romano em destaque no Valor sobre direitos de imagem de jogadores de futebol","datePublished":"2026-01-09T20:00:20+00:00","dateModified":"2026-01-09T20:00:33+00:00","mainEntityOfPage":{"@id":"https:\/\/nedereromano.com.br\/roberta-romano-em-destaque-no-valor-sobre-direitos-de-imagem-de-jogadores-de-futebol\/"},"wordCount":129,"publisher":{"@id":"https:\/\/nedereromano.com.br\/#organization"},"image":{"@id":"https:\/\/nedereromano.com.br\/roberta-romano-em-destaque-no-valor-sobre-direitos-de-imagem-de-jogadores-de-futebol\/#primaryimage"},"thumbnailUrl":"https:\/\/nedereromano.com.br\/wp-content\/uploads\/2025\/02\/grass-2616911_1280.jpg","articleSection":["Sem categoria"],"inLanguage":"en-US"},{"@type":"WebPage","@id":"https:\/\/nedereromano.com.br\/en\/roberta-romano-em-destaque-no-valor-sobre-direitos-de-imagem-de-jogadores-de-futebol\/","url":"https:\/\/nedereromano.com.br\/en\/roberta-romano-em-destaque-no-valor-sobre-direitos-de-imagem-de-jogadores-de-futebol\/","name":"Roberta Romano no Valor sobre direitos de imagem de jogadores","isPartOf":{"@id":"https:\/\/nedereromano.com.br\/en\/#website"},"primaryImageOfPage":{"@id":"https:\/\/nedereromano.com.br\/en\/roberta-romano-em-destaque-no-valor-sobre-direitos-de-imagem-de-jogadores-de-futebol\/#primaryimage"},"image":{"@id":"https:\/\/nedereromano.com.br\/roberta-romano-em-destaque-no-valor-sobre-direitos-de-imagem-de-jogadores-de-futebol\/#primaryimage"},"thumbnailUrl":"https:\/\/nedereromano.com.br\/wp-content\/uploads\/2025\/02\/grass-2616911_1280.jpg","datePublished":"2026-01-09T20:00:20+00:00","dateModified":"2026-01-09T20:00:33+00:00","description":"A recente decis\u00e3o envolvendo Neymar J\u00fanior refor\u00e7a a consolida\u00e7\u00e3o do entendimento sobre a explora\u00e7\u00e3o de direitos de imagem.","breadcrumb":{"@id":"https:\/\/nedereromano.com.br\/en\/roberta-romano-em-destaque-no-valor-sobre-direitos-de-imagem-de-jogadores-de-futebol\/#breadcrumb"},"inLanguage":"en-US","potentialAction":[{"@type":"ReadAction","target":[["https:\/\/nedereromano.com.br\/en\/roberta-romano-em-destaque-no-valor-sobre-direitos-de-imagem-de-jogadores-de-futebol\/"]]}]},{"@type":"ImageObject","inLanguage":"en-US","@id":"https:\/\/nedereromano.com.br\/en\/roberta-romano-em-destaque-no-valor-sobre-direitos-de-imagem-de-jogadores-de-futebol\/#primaryimage","url":"https:\/\/nedereromano.com.br\/wp-content\/uploads\/2025\/02\/grass-2616911_1280.jpg","contentUrl":"https:\/\/nedereromano.com.br\/wp-content\/uploads\/2025\/02\/grass-2616911_1280.jpg","width":1280,"height":853},{"@type":"BreadcrumbList","@id":"https:\/\/nedereromano.com.br\/en\/roberta-romano-em-destaque-no-valor-sobre-direitos-de-imagem-de-jogadores-de-futebol\/#breadcrumb","itemListElement":[{"@type":"ListItem","position":1,"name":"In\u00edcio","item":"https:\/\/nedereromano.com.br\/en\/"},{"@type":"ListItem","position":2,"name":"Roberta Romano em destaque no Valor sobre direitos de imagem de jogadores de futebol"}]},{"@type":"WebSite","@id":"https:\/\/nedereromano.com.br\/en\/#website","url":"https:\/\/nedereromano.com.br\/en\/","name":"Neder e Romano Advogados","description":"","publisher":{"@id":"https:\/\/nedereromano.com.br\/en\/#organization"},"potentialAction":[{"@type":"SearchAction","target":{"@type":"EntryPoint","urlTemplate":"https:\/\/nedereromano.com.br\/en\/?s={search_term_string}"},"query-input":{"@type":"PropertyValueSpecification","valueRequired":true,"valueName":"search_term_string"}}],"inLanguage":"en-US"},{"@type":"Organization","@id":"https:\/\/nedereromano.com.br\/en\/#organization","name":"Neder e Romano Advogados","url":"https:\/\/nedereromano.com.br\/en\/","logo":{"@type":"ImageObject","inLanguage":"en-US","@id":"https:\/\/nedereromano.com.br\/en\/#\/schema\/logo\/image\/","url":"https:\/\/nedereromano.com.br\/wp-content\/uploads\/2025\/01\/Logo-02.png","contentUrl":"https:\/\/nedereromano.com.br\/wp-content\/uploads\/2025\/01\/Logo-02.png","width":797,"height":148,"caption":"Neder e Romano Advogados"},"image":{"@id":"https:\/\/nedereromano.com.br\/en\/#\/schema\/logo\/image\/"},"sameAs":["https:\/\/www.linkedin.com\/company\/nedereromano\/posts\/?feedView=all","https:\/\/www.instagram.com\/nedereromano\/"]},{"@type":"Person","@id":"https:\/\/nedereromano.com.br\/#\/schema\/person\/a64d68f0b28c686c8a5a11ca14401b9c","name":"LETS Marketing","image":{"@type":"ImageObject","inLanguage":"en-US","@id":"https:\/\/nedereromano.com.br\/en\/#\/schema\/person\/image\/","url":"https:\/\/secure.gravatar.com\/avatar\/6f5c31d0db7b52b3204173a2378513b6?s=96&d=mm&r=g","contentUrl":"https:\/\/secure.gravatar.com\/avatar\/6f5c31d0db7b52b3204173a2378513b6?s=96&d=mm&r=g","caption":"LETS Marketing"},"sameAs":["http:\/\/www.letsmarketing.com.br"],"url":"https:\/\/nedereromano.com.br\/en\/author\/lets\/"}]}},"_links":{"self":[{"href":"https:\/\/nedereromano.com.br\/en\/wp-json\/wp\/v2\/posts\/668","targetHints":{"allow":["GET"]}}],"collection":[{"href":"https:\/\/nedereromano.com.br\/en\/wp-json\/wp\/v2\/posts"}],"about":[{"href":"https:\/\/nedereromano.com.br\/en\/wp-json\/wp\/v2\/types\/post"}],"author":[{"embeddable":true,"href":"https:\/\/nedereromano.com.br\/en\/wp-json\/wp\/v2\/users\/2"}],"replies":[{"embeddable":true,"href":"https:\/\/nedereromano.com.br\/en\/wp-json\/wp\/v2\/comments?post=668"}],"version-history":[{"count":0,"href":"https:\/\/nedereromano.com.br\/en\/wp-json\/wp\/v2\/posts\/668\/revisions"}],"wp:featuredmedia":[{"embeddable":true,"href":"https:\/\/nedereromano.com.br\/en\/wp-json\/wp\/v2\/media\/556"}],"wp:attachment":[{"href":"https:\/\/nedereromano.com.br\/en\/wp-json\/wp\/v2\/media?parent=668"}],"wp:term":[{"taxonomy":"category","embeddable":true,"href":"https:\/\/nedereromano.com.br\/en\/wp-json\/wp\/v2\/categories?post=668"},{"taxonomy":"post_tag","embeddable":true,"href":"https:\/\/nedereromano.com.br\/en\/wp-json\/wp\/v2\/tags?post=668"}],"curies":[{"name":"wp","href":"https:\/\/api.w.org\/{rel}","templated":true}]}}