{"id":630,"date":"2025-06-06T14:12:14","date_gmt":"2025-06-06T17:12:14","guid":{"rendered":"https:\/\/nedereromano.com.br\/?p=630"},"modified":"2025-06-06T14:12:14","modified_gmt":"2025-06-06T17:12:14","slug":"edital-pgdau-no-11-2025-nova-transacao-tributaria-da-pgfn-para-regularizacao-de-debitos-de-ate-r-45-milhoes","status":"publish","type":"post","link":"https:\/\/nedereromano.com.br\/en\/edital-pgdau-no-11-2025-nova-transacao-tributaria-da-pgfn-para-regularizacao-de-debitos-de-ate-r-45-milhoes\/","title":{"rendered":"(PT) Edital PGDAU n\u00ba 11\/2025: nova transa\u00e7\u00e3o tribut\u00e1ria da PGFN para regulariza\u00e7\u00e3o de d\u00e9bitos de at\u00e9 R$ 45 milh\u00f5es"},"content":{"rendered":"<p class=\"qtranxs-available-languages-message qtranxs-available-languages-message-en\">Sorry, this entry is only available in <a href=\"https:\/\/nedereromano.com.br\/pb\/wp-json\/wp\/v2\/posts\/630\" class=\"qtranxs-available-language-link qtranxs-available-language-link-pb\" title=\"PT\">PT<\/a>.<\/p>","protected":false},"excerpt":{"rendered":"<p>Sorry, this entry is only available in PT.<\/p>\n","protected":false},"author":2,"featured_media":631,"comment_status":"closed","ping_status":"closed","sticky":false,"template":"","format":"standard","meta":{"_acf_changed":false,"footnotes":""},"categories":[16,1],"tags":[],"class_list":["post-630","post","type-post","status-publish","format-standard","has-post-thumbnail","hentry","category-informativo","category-noticias"],"acf":[],"yoast_head":"<!-- This site is optimized with the Yoast SEO plugin v24.4 - https:\/\/yoast.com\/wordpress\/plugins\/seo\/ -->\n<title>(PT) Edital PGDAU n\u00ba 11\/2025: nova transa\u00e7\u00e3o tribut\u00e1ria da PGFN para regulariza\u00e7\u00e3o de d\u00e9bitos de at\u00e9 R$ 45 milh\u00f5es - Neder e Romano Advogados<\/title>\n<meta name=\"description\" content=\"A Procuradoria-Geral da Fazenda Nacional (PGFN) publicou no Di\u00e1rio Oficial da Uni\u00e3o, nesta segunda-feira (2\/6), o Edital PGDAU n\u00ba 11\/2025, que estabelece condi\u00e7\u00f5es para a transa\u00e7\u00e3o tribut\u00e1ria de d\u00e9bitos inscritos em d\u00edvida ativa da Uni\u00e3o com valor consolidado de at\u00e9 R$ 45 milh\u00f5es. O prazo para ades\u00e3o inicia-se em 2 de junho e vai at\u00e9 30 de setembro de 2025 e as ades\u00f5es ser\u00e3o feitas exclusivamente pelo Portal Regularize.\" \/>\n<meta name=\"robots\" content=\"index, follow, max-snippet:-1, max-image-preview:large, max-video-preview:-1\" \/>\n<link rel=\"canonical\" href=\"https:\/\/nedereromano.com.br\/en\/edital-pgdau-no-11-2025-nova-transacao-tributaria-da-pgfn-para-regularizacao-de-debitos-de-ate-r-45-milhoes\/\" \/>\n<meta property=\"og:locale\" content=\"en_US\" \/>\n<meta property=\"og:type\" content=\"article\" \/>\n<meta property=\"og:title\" content=\"(PT) Edital PGDAU n\u00ba 11\/2025: nova transa\u00e7\u00e3o tribut\u00e1ria da PGFN para regulariza\u00e7\u00e3o de d\u00e9bitos de at\u00e9 R$ 45 milh\u00f5es - Neder e Romano Advogados\" \/>\n<meta property=\"og:description\" content=\"A Procuradoria-Geral da Fazenda Nacional (PGFN) publicou no Di\u00e1rio Oficial da Uni\u00e3o, nesta segunda-feira (2\/6), o Edital PGDAU n\u00ba 11\/2025, que estabelece condi\u00e7\u00f5es para a transa\u00e7\u00e3o tribut\u00e1ria de d\u00e9bitos inscritos em d\u00edvida ativa da Uni\u00e3o com valor consolidado de at\u00e9 R$ 45 milh\u00f5es. O prazo para ades\u00e3o inicia-se em 2 de junho e vai at\u00e9 30 de setembro de 2025 e as ades\u00f5es ser\u00e3o feitas exclusivamente pelo Portal Regularize.\" \/>\n<meta property=\"og:url\" content=\"https:\/\/nedereromano.com.br\/en\/edital-pgdau-no-11-2025-nova-transacao-tributaria-da-pgfn-para-regularizacao-de-debitos-de-ate-r-45-milhoes\/\" \/>\n<meta property=\"og:site_name\" content=\"Neder e Romano Advogados\" \/>\n<meta property=\"article:published_time\" content=\"2025-06-06T17:12:14+00:00\" \/>\n<meta property=\"og:image\" content=\"https:\/\/nedereromano.com.br\/wp-content\/uploads\/2025\/06\/close-up-busy-businesswoman-scaled.jpg\" \/>\n\t<meta property=\"og:image:width\" content=\"2560\" \/>\n\t<meta property=\"og:image:height\" content=\"1707\" \/>\n\t<meta property=\"og:image:type\" content=\"image\/jpeg\" \/>\n<meta name=\"author\" content=\"LETS Marketing\" \/>\n<meta name=\"twitter:card\" content=\"summary_large_image\" \/>\n<meta name=\"twitter:label1\" content=\"Written by\" \/>\n\t<meta name=\"twitter:data1\" content=\"LETS Marketing\" \/>\n\t<meta name=\"twitter:label2\" content=\"Est. reading time\" \/>\n\t<meta name=\"twitter:data2\" content=\"4 minutes\" \/>\n<script type=\"application\/ld+json\" class=\"yoast-schema-graph\">{\"@context\":\"https:\/\/schema.org\",\"@graph\":[{\"@type\":\"Article\",\"@id\":\"https:\/\/nedereromano.com.br\/edital-pgdau-no-11-2025-nova-transacao-tributaria-da-pgfn-para-regularizacao-de-debitos-de-ate-r-45-milhoes\/#article\",\"isPartOf\":{\"@id\":\"https:\/\/nedereromano.com.br\/edital-pgdau-no-11-2025-nova-transacao-tributaria-da-pgfn-para-regularizacao-de-debitos-de-ate-r-45-milhoes\/\"},\"author\":{\"name\":\"LETS Marketing\",\"@id\":\"https:\/\/nedereromano.com.br\/#\/schema\/person\/a64d68f0b28c686c8a5a11ca14401b9c\"},\"headline\":\"(PT) Edital PGDAU n\u00ba 11\/2025: nova transa\u00e7\u00e3o tribut\u00e1ria da PGFN para regulariza\u00e7\u00e3o de d\u00e9bitos de at\u00e9 R$ 45 milh\u00f5es\",\"datePublished\":\"2025-06-06T17:12:14+00:00\",\"mainEntityOfPage\":{\"@id\":\"https:\/\/nedereromano.com.br\/edital-pgdau-no-11-2025-nova-transacao-tributaria-da-pgfn-para-regularizacao-de-debitos-de-ate-r-45-milhoes\/\"},\"wordCount\":657,\"publisher\":{\"@id\":\"https:\/\/nedereromano.com.br\/#organization\"},\"image\":{\"@id\":\"https:\/\/nedereromano.com.br\/edital-pgdau-no-11-2025-nova-transacao-tributaria-da-pgfn-para-regularizacao-de-debitos-de-ate-r-45-milhoes\/#primaryimage\"},\"thumbnailUrl\":\"https:\/\/nedereromano.com.br\/wp-content\/uploads\/2025\/06\/close-up-busy-businesswoman-scaled.jpg\",\"articleSection\":[\"Informativo\",\"Sem categoria\"],\"inLanguage\":\"en-US\"},{\"@type\":\"WebPage\",\"@id\":\"https:\/\/nedereromano.com.br\/en\/edital-pgdau-no-11-2025-nova-transacao-tributaria-da-pgfn-para-regularizacao-de-debitos-de-ate-r-45-milhoes\/\",\"url\":\"https:\/\/nedereromano.com.br\/en\/edital-pgdau-no-11-2025-nova-transacao-tributaria-da-pgfn-para-regularizacao-de-debitos-de-ate-r-45-milhoes\/\",\"name\":\"(PT) Edital PGDAU n\u00ba 11\/2025: nova transa\u00e7\u00e3o tribut\u00e1ria da PGFN para regulariza\u00e7\u00e3o de d\u00e9bitos de at\u00e9 R$ 45 milh\u00f5es - Neder e Romano Advogados\",\"isPartOf\":{\"@id\":\"https:\/\/nedereromano.com.br\/en\/#website\"},\"primaryImageOfPage\":{\"@id\":\"https:\/\/nedereromano.com.br\/en\/edital-pgdau-no-11-2025-nova-transacao-tributaria-da-pgfn-para-regularizacao-de-debitos-de-ate-r-45-milhoes\/#primaryimage\"},\"image\":{\"@id\":\"https:\/\/nedereromano.com.br\/edital-pgdau-no-11-2025-nova-transacao-tributaria-da-pgfn-para-regularizacao-de-debitos-de-ate-r-45-milhoes\/#primaryimage\"},\"thumbnailUrl\":\"https:\/\/nedereromano.com.br\/wp-content\/uploads\/2025\/06\/close-up-busy-businesswoman-scaled.jpg\",\"datePublished\":\"2025-06-06T17:12:14+00:00\",\"description\":\"A Procuradoria-Geral da Fazenda Nacional (PGFN) publicou no Di\u00e1rio Oficial da Uni\u00e3o, nesta segunda-feira (2\/6), o Edital PGDAU n\u00ba 11\/2025, que estabelece condi\u00e7\u00f5es para a transa\u00e7\u00e3o tribut\u00e1ria de d\u00e9bitos inscritos em d\u00edvida ativa da Uni\u00e3o com valor consolidado de at\u00e9 R$ 45 milh\u00f5es. O prazo para ades\u00e3o inicia-se em 2 de junho e vai at\u00e9 30 de setembro de 2025 e as ades\u00f5es ser\u00e3o feitas exclusivamente pelo Portal Regularize.\",\"breadcrumb\":{\"@id\":\"https:\/\/nedereromano.com.br\/en\/edital-pgdau-no-11-2025-nova-transacao-tributaria-da-pgfn-para-regularizacao-de-debitos-de-ate-r-45-milhoes\/#breadcrumb\"},\"inLanguage\":\"en-US\",\"potentialAction\":[{\"@type\":\"ReadAction\",\"target\":[[\"https:\/\/nedereromano.com.br\/en\/edital-pgdau-no-11-2025-nova-transacao-tributaria-da-pgfn-para-regularizacao-de-debitos-de-ate-r-45-milhoes\/\"]]}]},{\"@type\":\"ImageObject\",\"inLanguage\":\"en-US\",\"@id\":\"https:\/\/nedereromano.com.br\/en\/edital-pgdau-no-11-2025-nova-transacao-tributaria-da-pgfn-para-regularizacao-de-debitos-de-ate-r-45-milhoes\/#primaryimage\",\"url\":\"https:\/\/nedereromano.com.br\/wp-content\/uploads\/2025\/06\/close-up-busy-businesswoman-scaled.jpg\",\"contentUrl\":\"https:\/\/nedereromano.com.br\/wp-content\/uploads\/2025\/06\/close-up-busy-businesswoman-scaled.jpg\",\"width\":2560,\"height\":1707,\"caption\":\"Photo of human hands holding pencil and ticking data in documents\"},{\"@type\":\"BreadcrumbList\",\"@id\":\"https:\/\/nedereromano.com.br\/en\/edital-pgdau-no-11-2025-nova-transacao-tributaria-da-pgfn-para-regularizacao-de-debitos-de-ate-r-45-milhoes\/#breadcrumb\",\"itemListElement\":[{\"@type\":\"ListItem\",\"position\":1,\"name\":\"In\u00edcio\",\"item\":\"https:\/\/nedereromano.com.br\/en\/\"},{\"@type\":\"ListItem\",\"position\":2,\"name\":\"Edital PGDAU n\u00ba 11\/2025: nova transa\u00e7\u00e3o tribut\u00e1ria da PGFN para regulariza\u00e7\u00e3o de d\u00e9bitos de at\u00e9 R$ 45 milh\u00f5es\"}]},{\"@type\":\"WebSite\",\"@id\":\"https:\/\/nedereromano.com.br\/en\/#website\",\"url\":\"https:\/\/nedereromano.com.br\/en\/\",\"name\":\"Neder e Romano Advogados\",\"description\":\"\",\"publisher\":{\"@id\":\"https:\/\/nedereromano.com.br\/en\/#organization\"},\"potentialAction\":[{\"@type\":\"SearchAction\",\"target\":{\"@type\":\"EntryPoint\",\"urlTemplate\":\"https:\/\/nedereromano.com.br\/en\/?s={search_term_string}\"},\"query-input\":{\"@type\":\"PropertyValueSpecification\",\"valueRequired\":true,\"valueName\":\"search_term_string\"}}],\"inLanguage\":\"en-US\"},{\"@type\":\"Organization\",\"@id\":\"https:\/\/nedereromano.com.br\/en\/#organization\",\"name\":\"Neder e Romano Advogados\",\"url\":\"https:\/\/nedereromano.com.br\/en\/\",\"logo\":{\"@type\":\"ImageObject\",\"inLanguage\":\"en-US\",\"@id\":\"https:\/\/nedereromano.com.br\/en\/#\/schema\/logo\/image\/\",\"url\":\"https:\/\/nedereromano.com.br\/wp-content\/uploads\/2025\/01\/Logo-02.png\",\"contentUrl\":\"https:\/\/nedereromano.com.br\/wp-content\/uploads\/2025\/01\/Logo-02.png\",\"width\":797,\"height\":148,\"caption\":\"Neder e Romano Advogados\"},\"image\":{\"@id\":\"https:\/\/nedereromano.com.br\/en\/#\/schema\/logo\/image\/\"},\"sameAs\":[\"https:\/\/www.linkedin.com\/company\/nedereromano\/posts\/?feedView=all\",\"https:\/\/www.instagram.com\/nedereromano\/\"]},{\"@type\":\"Person\",\"@id\":\"https:\/\/nedereromano.com.br\/#\/schema\/person\/a64d68f0b28c686c8a5a11ca14401b9c\",\"name\":\"LETS Marketing\",\"image\":{\"@type\":\"ImageObject\",\"inLanguage\":\"en-US\",\"@id\":\"https:\/\/nedereromano.com.br\/en\/#\/schema\/person\/image\/\",\"url\":\"https:\/\/secure.gravatar.com\/avatar\/6f5c31d0db7b52b3204173a2378513b6?s=96&d=mm&r=g\",\"contentUrl\":\"https:\/\/secure.gravatar.com\/avatar\/6f5c31d0db7b52b3204173a2378513b6?s=96&d=mm&r=g\",\"caption\":\"LETS Marketing\"},\"sameAs\":[\"http:\/\/www.letsmarketing.com.br\"],\"url\":\"https:\/\/nedereromano.com.br\/en\/author\/lets\/\"}]}<\/script>\n<!-- \/ Yoast SEO plugin. -->","yoast_head_json":{"title":"(PT) Edital PGDAU n\u00ba 11\/2025: nova transa\u00e7\u00e3o tribut\u00e1ria da PGFN para regulariza\u00e7\u00e3o de d\u00e9bitos de at\u00e9 R$ 45 milh\u00f5es - Neder e Romano Advogados","description":"A Procuradoria-Geral da Fazenda Nacional (PGFN) publicou no Di\u00e1rio Oficial da Uni\u00e3o, nesta segunda-feira (2\/6), o Edital PGDAU n\u00ba 11\/2025, que estabelece condi\u00e7\u00f5es para a transa\u00e7\u00e3o tribut\u00e1ria de d\u00e9bitos inscritos em d\u00edvida ativa da Uni\u00e3o com valor consolidado de at\u00e9 R$ 45 milh\u00f5es. O prazo para ades\u00e3o inicia-se em 2 de junho e vai at\u00e9 30 de setembro de 2025 e as ades\u00f5es ser\u00e3o feitas exclusivamente pelo Portal Regularize.","robots":{"index":"index","follow":"follow","max-snippet":"max-snippet:-1","max-image-preview":"max-image-preview:large","max-video-preview":"max-video-preview:-1"},"canonical":"https:\/\/nedereromano.com.br\/en\/edital-pgdau-no-11-2025-nova-transacao-tributaria-da-pgfn-para-regularizacao-de-debitos-de-ate-r-45-milhoes\/","og_locale":"en_US","og_type":"article","og_title":"(PT) Edital PGDAU n\u00ba 11\/2025: nova transa\u00e7\u00e3o tribut\u00e1ria da PGFN para regulariza\u00e7\u00e3o de d\u00e9bitos de at\u00e9 R$ 45 milh\u00f5es - Neder e Romano Advogados","og_description":"A Procuradoria-Geral da Fazenda Nacional (PGFN) publicou no Di\u00e1rio Oficial da Uni\u00e3o, nesta segunda-feira (2\/6), o Edital PGDAU n\u00ba 11\/2025, que estabelece condi\u00e7\u00f5es para a transa\u00e7\u00e3o tribut\u00e1ria de d\u00e9bitos inscritos em d\u00edvida ativa da Uni\u00e3o com valor consolidado de at\u00e9 R$ 45 milh\u00f5es. O prazo para ades\u00e3o inicia-se em 2 de junho e vai at\u00e9 30 de setembro de 2025 e as ades\u00f5es ser\u00e3o feitas exclusivamente pelo Portal Regularize.","og_url":"https:\/\/nedereromano.com.br\/en\/edital-pgdau-no-11-2025-nova-transacao-tributaria-da-pgfn-para-regularizacao-de-debitos-de-ate-r-45-milhoes\/","og_site_name":"Neder e Romano Advogados","article_published_time":"2025-06-06T17:12:14+00:00","og_image":[{"width":2560,"height":1707,"url":"https:\/\/nedereromano.com.br\/wp-content\/uploads\/2025\/06\/close-up-busy-businesswoman-scaled.jpg","type":"image\/jpeg"}],"author":"LETS Marketing","twitter_card":"summary_large_image","twitter_misc":{"Written by":"LETS Marketing","Est. reading time":"4 minutes"},"schema":{"@context":"https:\/\/schema.org","@graph":[{"@type":"Article","@id":"https:\/\/nedereromano.com.br\/edital-pgdau-no-11-2025-nova-transacao-tributaria-da-pgfn-para-regularizacao-de-debitos-de-ate-r-45-milhoes\/#article","isPartOf":{"@id":"https:\/\/nedereromano.com.br\/edital-pgdau-no-11-2025-nova-transacao-tributaria-da-pgfn-para-regularizacao-de-debitos-de-ate-r-45-milhoes\/"},"author":{"name":"LETS Marketing","@id":"https:\/\/nedereromano.com.br\/#\/schema\/person\/a64d68f0b28c686c8a5a11ca14401b9c"},"headline":"(PT) Edital PGDAU n\u00ba 11\/2025: nova transa\u00e7\u00e3o tribut\u00e1ria da PGFN para regulariza\u00e7\u00e3o de d\u00e9bitos de at\u00e9 R$ 45 milh\u00f5es","datePublished":"2025-06-06T17:12:14+00:00","mainEntityOfPage":{"@id":"https:\/\/nedereromano.com.br\/edital-pgdau-no-11-2025-nova-transacao-tributaria-da-pgfn-para-regularizacao-de-debitos-de-ate-r-45-milhoes\/"},"wordCount":657,"publisher":{"@id":"https:\/\/nedereromano.com.br\/#organization"},"image":{"@id":"https:\/\/nedereromano.com.br\/edital-pgdau-no-11-2025-nova-transacao-tributaria-da-pgfn-para-regularizacao-de-debitos-de-ate-r-45-milhoes\/#primaryimage"},"thumbnailUrl":"https:\/\/nedereromano.com.br\/wp-content\/uploads\/2025\/06\/close-up-busy-businesswoman-scaled.jpg","articleSection":["Informativo","Sem categoria"],"inLanguage":"en-US"},{"@type":"WebPage","@id":"https:\/\/nedereromano.com.br\/en\/edital-pgdau-no-11-2025-nova-transacao-tributaria-da-pgfn-para-regularizacao-de-debitos-de-ate-r-45-milhoes\/","url":"https:\/\/nedereromano.com.br\/en\/edital-pgdau-no-11-2025-nova-transacao-tributaria-da-pgfn-para-regularizacao-de-debitos-de-ate-r-45-milhoes\/","name":"(PT) Edital PGDAU n\u00ba 11\/2025: nova transa\u00e7\u00e3o tribut\u00e1ria da PGFN para regulariza\u00e7\u00e3o de d\u00e9bitos de at\u00e9 R$ 45 milh\u00f5es - Neder e Romano Advogados","isPartOf":{"@id":"https:\/\/nedereromano.com.br\/en\/#website"},"primaryImageOfPage":{"@id":"https:\/\/nedereromano.com.br\/en\/edital-pgdau-no-11-2025-nova-transacao-tributaria-da-pgfn-para-regularizacao-de-debitos-de-ate-r-45-milhoes\/#primaryimage"},"image":{"@id":"https:\/\/nedereromano.com.br\/edital-pgdau-no-11-2025-nova-transacao-tributaria-da-pgfn-para-regularizacao-de-debitos-de-ate-r-45-milhoes\/#primaryimage"},"thumbnailUrl":"https:\/\/nedereromano.com.br\/wp-content\/uploads\/2025\/06\/close-up-busy-businesswoman-scaled.jpg","datePublished":"2025-06-06T17:12:14+00:00","description":"A Procuradoria-Geral da Fazenda Nacional (PGFN) publicou no Di\u00e1rio Oficial da Uni\u00e3o, nesta segunda-feira (2\/6), o Edital PGDAU n\u00ba 11\/2025, que estabelece condi\u00e7\u00f5es para a transa\u00e7\u00e3o tribut\u00e1ria de d\u00e9bitos inscritos em d\u00edvida ativa da Uni\u00e3o com valor consolidado de at\u00e9 R$ 45 milh\u00f5es. O prazo para ades\u00e3o inicia-se em 2 de junho e vai at\u00e9 30 de setembro de 2025 e as ades\u00f5es ser\u00e3o feitas exclusivamente pelo Portal Regularize.","breadcrumb":{"@id":"https:\/\/nedereromano.com.br\/en\/edital-pgdau-no-11-2025-nova-transacao-tributaria-da-pgfn-para-regularizacao-de-debitos-de-ate-r-45-milhoes\/#breadcrumb"},"inLanguage":"en-US","potentialAction":[{"@type":"ReadAction","target":[["https:\/\/nedereromano.com.br\/en\/edital-pgdau-no-11-2025-nova-transacao-tributaria-da-pgfn-para-regularizacao-de-debitos-de-ate-r-45-milhoes\/"]]}]},{"@type":"ImageObject","inLanguage":"en-US","@id":"https:\/\/nedereromano.com.br\/en\/edital-pgdau-no-11-2025-nova-transacao-tributaria-da-pgfn-para-regularizacao-de-debitos-de-ate-r-45-milhoes\/#primaryimage","url":"https:\/\/nedereromano.com.br\/wp-content\/uploads\/2025\/06\/close-up-busy-businesswoman-scaled.jpg","contentUrl":"https:\/\/nedereromano.com.br\/wp-content\/uploads\/2025\/06\/close-up-busy-businesswoman-scaled.jpg","width":2560,"height":1707,"caption":"Photo of human hands holding pencil and ticking data in documents"},{"@type":"BreadcrumbList","@id":"https:\/\/nedereromano.com.br\/en\/edital-pgdau-no-11-2025-nova-transacao-tributaria-da-pgfn-para-regularizacao-de-debitos-de-ate-r-45-milhoes\/#breadcrumb","itemListElement":[{"@type":"ListItem","position":1,"name":"In\u00edcio","item":"https:\/\/nedereromano.com.br\/en\/"},{"@type":"ListItem","position":2,"name":"Edital PGDAU n\u00ba 11\/2025: nova transa\u00e7\u00e3o tribut\u00e1ria da PGFN para regulariza\u00e7\u00e3o de d\u00e9bitos de at\u00e9 R$ 45 milh\u00f5es"}]},{"@type":"WebSite","@id":"https:\/\/nedereromano.com.br\/en\/#website","url":"https:\/\/nedereromano.com.br\/en\/","name":"Neder e Romano Advogados","description":"","publisher":{"@id":"https:\/\/nedereromano.com.br\/en\/#organization"},"potentialAction":[{"@type":"SearchAction","target":{"@type":"EntryPoint","urlTemplate":"https:\/\/nedereromano.com.br\/en\/?s={search_term_string}"},"query-input":{"@type":"PropertyValueSpecification","valueRequired":true,"valueName":"search_term_string"}}],"inLanguage":"en-US"},{"@type":"Organization","@id":"https:\/\/nedereromano.com.br\/en\/#organization","name":"Neder e Romano Advogados","url":"https:\/\/nedereromano.com.br\/en\/","logo":{"@type":"ImageObject","inLanguage":"en-US","@id":"https:\/\/nedereromano.com.br\/en\/#\/schema\/logo\/image\/","url":"https:\/\/nedereromano.com.br\/wp-content\/uploads\/2025\/01\/Logo-02.png","contentUrl":"https:\/\/nedereromano.com.br\/wp-content\/uploads\/2025\/01\/Logo-02.png","width":797,"height":148,"caption":"Neder e Romano Advogados"},"image":{"@id":"https:\/\/nedereromano.com.br\/en\/#\/schema\/logo\/image\/"},"sameAs":["https:\/\/www.linkedin.com\/company\/nedereromano\/posts\/?feedView=all","https:\/\/www.instagram.com\/nedereromano\/"]},{"@type":"Person","@id":"https:\/\/nedereromano.com.br\/#\/schema\/person\/a64d68f0b28c686c8a5a11ca14401b9c","name":"LETS Marketing","image":{"@type":"ImageObject","inLanguage":"en-US","@id":"https:\/\/nedereromano.com.br\/en\/#\/schema\/person\/image\/","url":"https:\/\/secure.gravatar.com\/avatar\/6f5c31d0db7b52b3204173a2378513b6?s=96&d=mm&r=g","contentUrl":"https:\/\/secure.gravatar.com\/avatar\/6f5c31d0db7b52b3204173a2378513b6?s=96&d=mm&r=g","caption":"LETS Marketing"},"sameAs":["http:\/\/www.letsmarketing.com.br"],"url":"https:\/\/nedereromano.com.br\/en\/author\/lets\/"}]}},"_links":{"self":[{"href":"https:\/\/nedereromano.com.br\/en\/wp-json\/wp\/v2\/posts\/630","targetHints":{"allow":["GET"]}}],"collection":[{"href":"https:\/\/nedereromano.com.br\/en\/wp-json\/wp\/v2\/posts"}],"about":[{"href":"https:\/\/nedereromano.com.br\/en\/wp-json\/wp\/v2\/types\/post"}],"author":[{"embeddable":true,"href":"https:\/\/nedereromano.com.br\/en\/wp-json\/wp\/v2\/users\/2"}],"replies":[{"embeddable":true,"href":"https:\/\/nedereromano.com.br\/en\/wp-json\/wp\/v2\/comments?post=630"}],"version-history":[{"count":0,"href":"https:\/\/nedereromano.com.br\/en\/wp-json\/wp\/v2\/posts\/630\/revisions"}],"wp:featuredmedia":[{"embeddable":true,"href":"https:\/\/nedereromano.com.br\/en\/wp-json\/wp\/v2\/media\/631"}],"wp:attachment":[{"href":"https:\/\/nedereromano.com.br\/en\/wp-json\/wp\/v2\/media?parent=630"}],"wp:term":[{"taxonomy":"category","embeddable":true,"href":"https:\/\/nedereromano.com.br\/en\/wp-json\/wp\/v2\/categories?post=630"},{"taxonomy":"post_tag","embeddable":true,"href":"https:\/\/nedereromano.com.br\/en\/wp-json\/wp\/v2\/tags?post=630"}],"curies":[{"name":"wp","href":"https:\/\/api.w.org\/{rel}","templated":true}]}}