{"id":584,"date":"2025-03-14T11:57:42","date_gmt":"2025-03-14T14:57:42","guid":{"rendered":"https:\/\/nedereromano.com.br\/?p=584"},"modified":"2025-03-17T14:57:13","modified_gmt":"2025-03-17T17:57:13","slug":"novas-regras-para-a-declaracao-do-imposto-de-renda-em-2025","status":"publish","type":"post","link":"https:\/\/nedereromano.com.br\/en\/novas-regras-para-a-declaracao-do-imposto-de-renda-em-2025\/","title":{"rendered":"(PT) Novas regras para a declara\u00e7\u00e3o do Imposto de Renda em 2025"},"content":{"rendered":"<p class=\"qtranxs-available-languages-message qtranxs-available-languages-message-en\">Sorry, this entry is only available in <a href=\"https:\/\/nedereromano.com.br\/pb\/wp-json\/wp\/v2\/posts\/584\" class=\"qtranxs-available-language-link qtranxs-available-language-link-pb\" title=\"PT\">PT<\/a>.<\/p>","protected":false},"excerpt":{"rendered":"<p>Sorry, this entry is only available in PT.<\/p>\n","protected":false},"author":2,"featured_media":324,"comment_status":"closed","ping_status":"closed","sticky":false,"template":"","format":"standard","meta":{"_acf_changed":false,"footnotes":""},"categories":[1],"tags":[],"class_list":["post-584","post","type-post","status-publish","format-standard","has-post-thumbnail","hentry","category-noticias"],"acf":[],"yoast_head":"<!-- This site is optimized with the Yoast SEO plugin v24.4 - https:\/\/yoast.com\/wordpress\/plugins\/seo\/ -->\n<title>(PT) Novas regras para a declara\u00e7\u00e3o do Imposto de Renda em 2025 - Neder e Romano Advogados<\/title>\n<meta name=\"description\" content=\"O prazo para a entrega das declara\u00e7\u00f5es ser\u00e1 de\u00a017 de mar\u00e7o a 30 de maio. As mudan\u00e7as impactam quem possui\u00a0bens e investimentos no exterior.\" \/>\n<meta name=\"robots\" content=\"index, follow, max-snippet:-1, max-image-preview:large, max-video-preview:-1\" \/>\n<link rel=\"canonical\" href=\"https:\/\/nedereromano.com.br\/en\/novas-regras-para-a-declaracao-do-imposto-de-renda-em-2025\/\" \/>\n<meta property=\"og:locale\" content=\"en_US\" \/>\n<meta property=\"og:type\" content=\"article\" \/>\n<meta property=\"og:title\" content=\"(PT) Novas regras para a declara\u00e7\u00e3o do Imposto de Renda em 2025 - Neder e Romano Advogados\" \/>\n<meta property=\"og:description\" content=\"O prazo para a entrega das declara\u00e7\u00f5es ser\u00e1 de\u00a017 de mar\u00e7o a 30 de maio. As mudan\u00e7as impactam quem possui\u00a0bens e investimentos no exterior.\" \/>\n<meta property=\"og:url\" content=\"https:\/\/nedereromano.com.br\/en\/novas-regras-para-a-declaracao-do-imposto-de-renda-em-2025\/\" \/>\n<meta property=\"og:site_name\" content=\"Neder e Romano Advogados\" \/>\n<meta property=\"article:published_time\" content=\"2025-03-14T14:57:42+00:00\" \/>\n<meta property=\"article:modified_time\" content=\"2025-03-17T17:57:13+00:00\" \/>\n<meta property=\"og:image\" content=\"https:\/\/nedereromano.com.br\/wp-content\/uploads\/2024\/05\/closeup-accountant-hands-counting-calculator-scaled-e1719858821242.jpg\" \/>\n\t<meta property=\"og:image:width\" content=\"1080\" \/>\n\t<meta property=\"og:image:height\" content=\"720\" \/>\n\t<meta property=\"og:image:type\" content=\"image\/jpeg\" \/>\n<meta name=\"author\" content=\"LETS Marketing\" \/>\n<meta name=\"twitter:card\" content=\"summary_large_image\" \/>\n<meta name=\"twitter:label1\" content=\"Written by\" \/>\n\t<meta name=\"twitter:data1\" content=\"LETS Marketing\" \/>\n\t<meta name=\"twitter:label2\" content=\"Est. reading time\" \/>\n\t<meta name=\"twitter:data2\" content=\"2 minutes\" \/>\n<script type=\"application\/ld+json\" class=\"yoast-schema-graph\">{\"@context\":\"https:\/\/schema.org\",\"@graph\":[{\"@type\":\"Article\",\"@id\":\"https:\/\/nedereromano.com.br\/novas-regras-para-a-declaracao-do-imposto-de-renda-em-2025\/#article\",\"isPartOf\":{\"@id\":\"https:\/\/nedereromano.com.br\/novas-regras-para-a-declaracao-do-imposto-de-renda-em-2025\/\"},\"author\":{\"name\":\"LETS Marketing\",\"@id\":\"https:\/\/nedereromano.com.br\/#\/schema\/person\/a64d68f0b28c686c8a5a11ca14401b9c\"},\"headline\":\"(PT) Novas regras para a declara\u00e7\u00e3o do Imposto de Renda em 2025\",\"datePublished\":\"2025-03-14T14:57:42+00:00\",\"dateModified\":\"2025-03-17T17:57:13+00:00\",\"mainEntityOfPage\":{\"@id\":\"https:\/\/nedereromano.com.br\/novas-regras-para-a-declaracao-do-imposto-de-renda-em-2025\/\"},\"wordCount\":314,\"publisher\":{\"@id\":\"https:\/\/nedereromano.com.br\/#organization\"},\"image\":{\"@id\":\"https:\/\/nedereromano.com.br\/novas-regras-para-a-declaracao-do-imposto-de-renda-em-2025\/#primaryimage\"},\"thumbnailUrl\":\"https:\/\/nedereromano.com.br\/wp-content\/uploads\/2024\/05\/closeup-accountant-hands-counting-calculator-scaled-e1719858821242.jpg\",\"articleSection\":[\"Sem categoria\"],\"inLanguage\":\"en-US\"},{\"@type\":\"WebPage\",\"@id\":\"https:\/\/nedereromano.com.br\/en\/novas-regras-para-a-declaracao-do-imposto-de-renda-em-2025\/\",\"url\":\"https:\/\/nedereromano.com.br\/en\/novas-regras-para-a-declaracao-do-imposto-de-renda-em-2025\/\",\"name\":\"(PT) Novas regras para a declara\u00e7\u00e3o do Imposto de Renda em 2025 - Neder e Romano Advogados\",\"isPartOf\":{\"@id\":\"https:\/\/nedereromano.com.br\/en\/#website\"},\"primaryImageOfPage\":{\"@id\":\"https:\/\/nedereromano.com.br\/en\/novas-regras-para-a-declaracao-do-imposto-de-renda-em-2025\/#primaryimage\"},\"image\":{\"@id\":\"https:\/\/nedereromano.com.br\/novas-regras-para-a-declaracao-do-imposto-de-renda-em-2025\/#primaryimage\"},\"thumbnailUrl\":\"https:\/\/nedereromano.com.br\/wp-content\/uploads\/2024\/05\/closeup-accountant-hands-counting-calculator-scaled-e1719858821242.jpg\",\"datePublished\":\"2025-03-14T14:57:42+00:00\",\"dateModified\":\"2025-03-17T17:57:13+00:00\",\"description\":\"O prazo para a entrega das declara\u00e7\u00f5es ser\u00e1 de\u00a017 de mar\u00e7o a 30 de maio. As mudan\u00e7as impactam quem possui\u00a0bens e investimentos no exterior.\",\"breadcrumb\":{\"@id\":\"https:\/\/nedereromano.com.br\/en\/novas-regras-para-a-declaracao-do-imposto-de-renda-em-2025\/#breadcrumb\"},\"inLanguage\":\"en-US\",\"potentialAction\":[{\"@type\":\"ReadAction\",\"target\":[[\"https:\/\/nedereromano.com.br\/en\/novas-regras-para-a-declaracao-do-imposto-de-renda-em-2025\/\"]]}]},{\"@type\":\"ImageObject\",\"inLanguage\":\"en-US\",\"@id\":\"https:\/\/nedereromano.com.br\/en\/novas-regras-para-a-declaracao-do-imposto-de-renda-em-2025\/#primaryimage\",\"url\":\"https:\/\/nedereromano.com.br\/wp-content\/uploads\/2024\/05\/closeup-accountant-hands-counting-calculator-scaled-e1719858821242.jpg\",\"contentUrl\":\"https:\/\/nedereromano.com.br\/wp-content\/uploads\/2024\/05\/closeup-accountant-hands-counting-calculator-scaled-e1719858821242.jpg\",\"width\":1080,\"height\":720,\"caption\":\"Closeup of accountant counting on calculator and working with table\"},{\"@type\":\"BreadcrumbList\",\"@id\":\"https:\/\/nedereromano.com.br\/en\/novas-regras-para-a-declaracao-do-imposto-de-renda-em-2025\/#breadcrumb\",\"itemListElement\":[{\"@type\":\"ListItem\",\"position\":1,\"name\":\"In\u00edcio\",\"item\":\"https:\/\/nedereromano.com.br\/en\/\"},{\"@type\":\"ListItem\",\"position\":2,\"name\":\"Novas regras para a declara\u00e7\u00e3o do Imposto de Renda em 2025\"}]},{\"@type\":\"WebSite\",\"@id\":\"https:\/\/nedereromano.com.br\/en\/#website\",\"url\":\"https:\/\/nedereromano.com.br\/en\/\",\"name\":\"Neder e Romano Advogados\",\"description\":\"\",\"publisher\":{\"@id\":\"https:\/\/nedereromano.com.br\/en\/#organization\"},\"potentialAction\":[{\"@type\":\"SearchAction\",\"target\":{\"@type\":\"EntryPoint\",\"urlTemplate\":\"https:\/\/nedereromano.com.br\/en\/?s={search_term_string}\"},\"query-input\":{\"@type\":\"PropertyValueSpecification\",\"valueRequired\":true,\"valueName\":\"search_term_string\"}}],\"inLanguage\":\"en-US\"},{\"@type\":\"Organization\",\"@id\":\"https:\/\/nedereromano.com.br\/en\/#organization\",\"name\":\"Neder e Romano Advogados\",\"url\":\"https:\/\/nedereromano.com.br\/en\/\",\"logo\":{\"@type\":\"ImageObject\",\"inLanguage\":\"en-US\",\"@id\":\"https:\/\/nedereromano.com.br\/en\/#\/schema\/logo\/image\/\",\"url\":\"https:\/\/nedereromano.com.br\/wp-content\/uploads\/2025\/01\/Logo-02.png\",\"contentUrl\":\"https:\/\/nedereromano.com.br\/wp-content\/uploads\/2025\/01\/Logo-02.png\",\"width\":797,\"height\":148,\"caption\":\"Neder e Romano Advogados\"},\"image\":{\"@id\":\"https:\/\/nedereromano.com.br\/en\/#\/schema\/logo\/image\/\"},\"sameAs\":[\"https:\/\/www.linkedin.com\/company\/nedereromano\/posts\/?feedView=all\",\"https:\/\/www.instagram.com\/nedereromano\/\"]},{\"@type\":\"Person\",\"@id\":\"https:\/\/nedereromano.com.br\/#\/schema\/person\/a64d68f0b28c686c8a5a11ca14401b9c\",\"name\":\"LETS Marketing\",\"image\":{\"@type\":\"ImageObject\",\"inLanguage\":\"en-US\",\"@id\":\"https:\/\/nedereromano.com.br\/en\/#\/schema\/person\/image\/\",\"url\":\"https:\/\/secure.gravatar.com\/avatar\/6f5c31d0db7b52b3204173a2378513b6?s=96&d=mm&r=g\",\"contentUrl\":\"https:\/\/secure.gravatar.com\/avatar\/6f5c31d0db7b52b3204173a2378513b6?s=96&d=mm&r=g\",\"caption\":\"LETS Marketing\"},\"sameAs\":[\"http:\/\/www.letsmarketing.com.br\"],\"url\":\"https:\/\/nedereromano.com.br\/en\/author\/lets\/\"}]}<\/script>\n<!-- \/ Yoast SEO plugin. -->","yoast_head_json":{"title":"(PT) Novas regras para a declara\u00e7\u00e3o do Imposto de Renda em 2025 - Neder e Romano Advogados","description":"O prazo para a entrega das declara\u00e7\u00f5es ser\u00e1 de\u00a017 de mar\u00e7o a 30 de maio. As mudan\u00e7as impactam quem possui\u00a0bens e investimentos no exterior.","robots":{"index":"index","follow":"follow","max-snippet":"max-snippet:-1","max-image-preview":"max-image-preview:large","max-video-preview":"max-video-preview:-1"},"canonical":"https:\/\/nedereromano.com.br\/en\/novas-regras-para-a-declaracao-do-imposto-de-renda-em-2025\/","og_locale":"en_US","og_type":"article","og_title":"(PT) Novas regras para a declara\u00e7\u00e3o do Imposto de Renda em 2025 - Neder e Romano Advogados","og_description":"O prazo para a entrega das declara\u00e7\u00f5es ser\u00e1 de\u00a017 de mar\u00e7o a 30 de maio. As mudan\u00e7as impactam quem possui\u00a0bens e investimentos no exterior.","og_url":"https:\/\/nedereromano.com.br\/en\/novas-regras-para-a-declaracao-do-imposto-de-renda-em-2025\/","og_site_name":"Neder e Romano Advogados","article_published_time":"2025-03-14T14:57:42+00:00","article_modified_time":"2025-03-17T17:57:13+00:00","og_image":[{"width":1080,"height":720,"url":"https:\/\/nedereromano.com.br\/wp-content\/uploads\/2024\/05\/closeup-accountant-hands-counting-calculator-scaled-e1719858821242.jpg","type":"image\/jpeg"}],"author":"LETS Marketing","twitter_card":"summary_large_image","twitter_misc":{"Written by":"LETS Marketing","Est. reading time":"2 minutes"},"schema":{"@context":"https:\/\/schema.org","@graph":[{"@type":"Article","@id":"https:\/\/nedereromano.com.br\/novas-regras-para-a-declaracao-do-imposto-de-renda-em-2025\/#article","isPartOf":{"@id":"https:\/\/nedereromano.com.br\/novas-regras-para-a-declaracao-do-imposto-de-renda-em-2025\/"},"author":{"name":"LETS Marketing","@id":"https:\/\/nedereromano.com.br\/#\/schema\/person\/a64d68f0b28c686c8a5a11ca14401b9c"},"headline":"(PT) Novas regras para a declara\u00e7\u00e3o do Imposto de Renda em 2025","datePublished":"2025-03-14T14:57:42+00:00","dateModified":"2025-03-17T17:57:13+00:00","mainEntityOfPage":{"@id":"https:\/\/nedereromano.com.br\/novas-regras-para-a-declaracao-do-imposto-de-renda-em-2025\/"},"wordCount":314,"publisher":{"@id":"https:\/\/nedereromano.com.br\/#organization"},"image":{"@id":"https:\/\/nedereromano.com.br\/novas-regras-para-a-declaracao-do-imposto-de-renda-em-2025\/#primaryimage"},"thumbnailUrl":"https:\/\/nedereromano.com.br\/wp-content\/uploads\/2024\/05\/closeup-accountant-hands-counting-calculator-scaled-e1719858821242.jpg","articleSection":["Sem categoria"],"inLanguage":"en-US"},{"@type":"WebPage","@id":"https:\/\/nedereromano.com.br\/en\/novas-regras-para-a-declaracao-do-imposto-de-renda-em-2025\/","url":"https:\/\/nedereromano.com.br\/en\/novas-regras-para-a-declaracao-do-imposto-de-renda-em-2025\/","name":"(PT) Novas regras para a declara\u00e7\u00e3o do Imposto de Renda em 2025 - Neder e Romano Advogados","isPartOf":{"@id":"https:\/\/nedereromano.com.br\/en\/#website"},"primaryImageOfPage":{"@id":"https:\/\/nedereromano.com.br\/en\/novas-regras-para-a-declaracao-do-imposto-de-renda-em-2025\/#primaryimage"},"image":{"@id":"https:\/\/nedereromano.com.br\/novas-regras-para-a-declaracao-do-imposto-de-renda-em-2025\/#primaryimage"},"thumbnailUrl":"https:\/\/nedereromano.com.br\/wp-content\/uploads\/2024\/05\/closeup-accountant-hands-counting-calculator-scaled-e1719858821242.jpg","datePublished":"2025-03-14T14:57:42+00:00","dateModified":"2025-03-17T17:57:13+00:00","description":"O prazo para a entrega das declara\u00e7\u00f5es ser\u00e1 de\u00a017 de mar\u00e7o a 30 de maio. As mudan\u00e7as impactam quem possui\u00a0bens e investimentos no exterior.","breadcrumb":{"@id":"https:\/\/nedereromano.com.br\/en\/novas-regras-para-a-declaracao-do-imposto-de-renda-em-2025\/#breadcrumb"},"inLanguage":"en-US","potentialAction":[{"@type":"ReadAction","target":[["https:\/\/nedereromano.com.br\/en\/novas-regras-para-a-declaracao-do-imposto-de-renda-em-2025\/"]]}]},{"@type":"ImageObject","inLanguage":"en-US","@id":"https:\/\/nedereromano.com.br\/en\/novas-regras-para-a-declaracao-do-imposto-de-renda-em-2025\/#primaryimage","url":"https:\/\/nedereromano.com.br\/wp-content\/uploads\/2024\/05\/closeup-accountant-hands-counting-calculator-scaled-e1719858821242.jpg","contentUrl":"https:\/\/nedereromano.com.br\/wp-content\/uploads\/2024\/05\/closeup-accountant-hands-counting-calculator-scaled-e1719858821242.jpg","width":1080,"height":720,"caption":"Closeup of accountant counting on calculator and working with table"},{"@type":"BreadcrumbList","@id":"https:\/\/nedereromano.com.br\/en\/novas-regras-para-a-declaracao-do-imposto-de-renda-em-2025\/#breadcrumb","itemListElement":[{"@type":"ListItem","position":1,"name":"In\u00edcio","item":"https:\/\/nedereromano.com.br\/en\/"},{"@type":"ListItem","position":2,"name":"Novas regras para a declara\u00e7\u00e3o do Imposto de Renda em 2025"}]},{"@type":"WebSite","@id":"https:\/\/nedereromano.com.br\/en\/#website","url":"https:\/\/nedereromano.com.br\/en\/","name":"Neder e Romano Advogados","description":"","publisher":{"@id":"https:\/\/nedereromano.com.br\/en\/#organization"},"potentialAction":[{"@type":"SearchAction","target":{"@type":"EntryPoint","urlTemplate":"https:\/\/nedereromano.com.br\/en\/?s={search_term_string}"},"query-input":{"@type":"PropertyValueSpecification","valueRequired":true,"valueName":"search_term_string"}}],"inLanguage":"en-US"},{"@type":"Organization","@id":"https:\/\/nedereromano.com.br\/en\/#organization","name":"Neder e Romano Advogados","url":"https:\/\/nedereromano.com.br\/en\/","logo":{"@type":"ImageObject","inLanguage":"en-US","@id":"https:\/\/nedereromano.com.br\/en\/#\/schema\/logo\/image\/","url":"https:\/\/nedereromano.com.br\/wp-content\/uploads\/2025\/01\/Logo-02.png","contentUrl":"https:\/\/nedereromano.com.br\/wp-content\/uploads\/2025\/01\/Logo-02.png","width":797,"height":148,"caption":"Neder e Romano Advogados"},"image":{"@id":"https:\/\/nedereromano.com.br\/en\/#\/schema\/logo\/image\/"},"sameAs":["https:\/\/www.linkedin.com\/company\/nedereromano\/posts\/?feedView=all","https:\/\/www.instagram.com\/nedereromano\/"]},{"@type":"Person","@id":"https:\/\/nedereromano.com.br\/#\/schema\/person\/a64d68f0b28c686c8a5a11ca14401b9c","name":"LETS Marketing","image":{"@type":"ImageObject","inLanguage":"en-US","@id":"https:\/\/nedereromano.com.br\/en\/#\/schema\/person\/image\/","url":"https:\/\/secure.gravatar.com\/avatar\/6f5c31d0db7b52b3204173a2378513b6?s=96&d=mm&r=g","contentUrl":"https:\/\/secure.gravatar.com\/avatar\/6f5c31d0db7b52b3204173a2378513b6?s=96&d=mm&r=g","caption":"LETS Marketing"},"sameAs":["http:\/\/www.letsmarketing.com.br"],"url":"https:\/\/nedereromano.com.br\/en\/author\/lets\/"}]}},"_links":{"self":[{"href":"https:\/\/nedereromano.com.br\/en\/wp-json\/wp\/v2\/posts\/584","targetHints":{"allow":["GET"]}}],"collection":[{"href":"https:\/\/nedereromano.com.br\/en\/wp-json\/wp\/v2\/posts"}],"about":[{"href":"https:\/\/nedereromano.com.br\/en\/wp-json\/wp\/v2\/types\/post"}],"author":[{"embeddable":true,"href":"https:\/\/nedereromano.com.br\/en\/wp-json\/wp\/v2\/users\/2"}],"replies":[{"embeddable":true,"href":"https:\/\/nedereromano.com.br\/en\/wp-json\/wp\/v2\/comments?post=584"}],"version-history":[{"count":0,"href":"https:\/\/nedereromano.com.br\/en\/wp-json\/wp\/v2\/posts\/584\/revisions"}],"wp:featuredmedia":[{"embeddable":true,"href":"https:\/\/nedereromano.com.br\/en\/wp-json\/wp\/v2\/media\/324"}],"wp:attachment":[{"href":"https:\/\/nedereromano.com.br\/en\/wp-json\/wp\/v2\/media?parent=584"}],"wp:term":[{"taxonomy":"category","embeddable":true,"href":"https:\/\/nedereromano.com.br\/en\/wp-json\/wp\/v2\/categories?post=584"},{"taxonomy":"post_tag","embeddable":true,"href":"https:\/\/nedereromano.com.br\/en\/wp-json\/wp\/v2\/tags?post=584"}],"curies":[{"name":"wp","href":"https:\/\/api.w.org\/{rel}","templated":true}]}}