{"id":570,"date":"2025-02-14T10:04:49","date_gmt":"2025-02-14T13:04:49","guid":{"rendered":"https:\/\/nedereromano.com.br\/?p=570"},"modified":"2025-02-14T10:08:06","modified_gmt":"2025-02-14T13:08:06","slug":"prazo-da-declaracao-de-ativos-no-exterior-comeca-dia-15-de-fevereiro","status":"publish","type":"post","link":"https:\/\/nedereromano.com.br\/en\/prazo-da-declaracao-de-ativos-no-exterior-comeca-dia-15-de-fevereiro\/","title":{"rendered":"Deadline for Foreign Asset Declaration Starts on February 15"},"content":{"rendered":"<p><\/p>\n<p data-start=\"72\" data-end=\"200\">Starting <strong data-start=\"81\" data-end=\"96\">February 15<\/strong>, the <strong data-start=\"102\" data-end=\"152\">Declaration of Brazilian Capital Abroad (DCBE)<\/strong> for the <strong data-start=\"161\" data-end=\"179\">2024 base year<\/strong> must be submitted.<\/p>\n<h3 data-start=\"202\" data-end=\"223\"><strong data-start=\"206\" data-end=\"221\">Key Points:<\/strong><\/h3>\n<p data-start=\"225\" data-end=\"402\">\u2714\ufe0f <strong data-start=\"228\" data-end=\"248\">Mandatory Filing<\/strong>: The <strong data-start=\"254\" data-end=\"274\">DCBE is required<\/strong> for <strong data-start=\"279\" data-end=\"331\">individuals or legal entities residing in Brazil<\/strong> that hold <strong data-start=\"342\" data-end=\"399\">foreign assets equal to or exceeding USD 1,000,000.00<\/strong>.<\/p>\n<p data-start=\"404\" data-end=\"604\">\u2714\ufe0f <strong data-start=\"407\" data-end=\"416\">Scope<\/strong>: The declaration must include <strong data-start=\"447\" data-end=\"594\">assets, rights, financial instruments, foreign currencies, deposits, real estate, company shares, securities, trade credits, and other holdings<\/strong> abroad.<\/p>\n<p data-start=\"606\" data-end=\"744\">\u2714\ufe0f <strong data-start=\"609\" data-end=\"622\">Penalties<\/strong>: <strong data-start=\"624\" data-end=\"645\">Failure to submit<\/strong> the DCBE or providing <strong data-start=\"668\" data-end=\"693\">incorrect information<\/strong> may result in <strong data-start=\"708\" data-end=\"741\">fines of up to BRL 250,000.00<\/strong>.<\/p>\n<p data-start=\"746\" data-end=\"1017\"><strong data-start=\"749\" data-end=\"780\">Foreign-Controlled Entities<\/strong>: Must comply with the new guidelines of <strong data-start=\"821\" data-end=\"844\">Law No. 14.754\/2023<\/strong>, which requires the preparation of an <strong data-start=\"883\" data-end=\"907\">annual balance sheet<\/strong> following <strong data-start=\"918\" data-end=\"1014\">international accounting standards (IFRS) or Brazilian GAAP (BR GAAP), depending on the case<\/strong>.<\/p>\n<p data-start=\"1019\" data-end=\"1106\" data-is-last-node=\"\"><strong data-start=\"1022\" data-end=\"1106\" data-is-last-node=\"\">We are available to assist with any questions regarding the declaration process.<\/strong><\/p>\n<p><\/p>","protected":false},"excerpt":{"rendered":"<p>Starting February 15, the Declaration of Brazilian Capital Abroad (DCBE) for the 2024 base year must be submitted. Key Points: \u2714\ufe0f Mandatory Filing: The DCBE [&hellip;]<\/p>\n","protected":false},"author":2,"featured_media":79,"comment_status":"closed","ping_status":"closed","sticky":false,"template":"","format":"standard","meta":{"_acf_changed":false,"footnotes":""},"categories":[1],"tags":[],"class_list":["post-570","post","type-post","status-publish","format-standard","has-post-thumbnail","hentry","category-noticias"],"acf":[],"yoast_head":"<!-- This site is optimized with the Yoast SEO plugin v24.4 - https:\/\/yoast.com\/wordpress\/plugins\/seo\/ -->\n<title>Prazo da Declara\u00e7\u00e3o de Ativos no Exterior<\/title>\n<meta name=\"description\" content=\"Inicia-se o prazo para entrega da\u00a0Declara\u00e7\u00e3o de Capitais Brasileiros no Exterior (DCBE)\u00a0referente ao\u00a0ano-base 2024\" \/>\n<meta name=\"robots\" content=\"index, follow, max-snippet:-1, max-image-preview:large, max-video-preview:-1\" \/>\n<link rel=\"canonical\" href=\"https:\/\/nedereromano.com.br\/en\/prazo-da-declaracao-de-ativos-no-exterior-comeca-dia-15-de-fevereiro\/\" \/>\n<meta property=\"og:locale\" content=\"en_US\" \/>\n<meta property=\"og:type\" content=\"article\" \/>\n<meta property=\"og:title\" content=\"Prazo da Declara\u00e7\u00e3o de Ativos no Exterior\" \/>\n<meta property=\"og:description\" content=\"Inicia-se o prazo para entrega da\u00a0Declara\u00e7\u00e3o de Capitais Brasileiros no Exterior (DCBE)\u00a0referente ao\u00a0ano-base 2024\" \/>\n<meta property=\"og:url\" content=\"https:\/\/nedereromano.com.br\/en\/prazo-da-declaracao-de-ativos-no-exterior-comeca-dia-15-de-fevereiro\/\" \/>\n<meta property=\"og:site_name\" content=\"Neder e Romano Advogados\" \/>\n<meta property=\"article:published_time\" content=\"2025-02-14T13:04:49+00:00\" \/>\n<meta property=\"article:modified_time\" content=\"2025-02-14T13:08:06+00:00\" \/>\n<meta property=\"og:image\" content=\"https:\/\/nedereromano.com.br\/wp-content\/uploads\/2024\/04\/homem-irreconhecivel-vestido-casualmente-usando-o-smartphone-no-trabalho-no-escritorio.jpg\" \/>\n\t<meta property=\"og:image:width\" content=\"2000\" \/>\n\t<meta property=\"og:image:height\" content=\"1335\" \/>\n\t<meta property=\"og:image:type\" content=\"image\/jpeg\" \/>\n<meta name=\"author\" content=\"LETS Marketing\" \/>\n<meta name=\"twitter:card\" content=\"summary_large_image\" \/>\n<meta name=\"twitter:label1\" content=\"Written by\" \/>\n\t<meta name=\"twitter:data1\" content=\"LETS Marketing\" \/>\n\t<meta name=\"twitter:label2\" content=\"Est. reading time\" \/>\n\t<meta name=\"twitter:data2\" content=\"1 minute\" \/>\n<script type=\"application\/ld+json\" class=\"yoast-schema-graph\">{\"@context\":\"https:\/\/schema.org\",\"@graph\":[{\"@type\":\"Article\",\"@id\":\"https:\/\/nedereromano.com.br\/prazo-da-declaracao-de-ativos-no-exterior-comeca-dia-15-de-fevereiro\/#article\",\"isPartOf\":{\"@id\":\"https:\/\/nedereromano.com.br\/prazo-da-declaracao-de-ativos-no-exterior-comeca-dia-15-de-fevereiro\/\"},\"author\":{\"name\":\"LETS Marketing\",\"@id\":\"https:\/\/nedereromano.com.br\/#\/schema\/person\/a64d68f0b28c686c8a5a11ca14401b9c\"},\"headline\":\"Deadline for Foreign Asset Declaration Starts on February 15\",\"datePublished\":\"2025-02-14T13:04:49+00:00\",\"dateModified\":\"2025-02-14T13:08:06+00:00\",\"mainEntityOfPage\":{\"@id\":\"https:\/\/nedereromano.com.br\/prazo-da-declaracao-de-ativos-no-exterior-comeca-dia-15-de-fevereiro\/\"},\"wordCount\":302,\"publisher\":{\"@id\":\"https:\/\/nedereromano.com.br\/#organization\"},\"image\":{\"@id\":\"https:\/\/nedereromano.com.br\/prazo-da-declaracao-de-ativos-no-exterior-comeca-dia-15-de-fevereiro\/#primaryimage\"},\"thumbnailUrl\":\"https:\/\/nedereromano.com.br\/wp-content\/uploads\/2024\/04\/homem-irreconhecivel-vestido-casualmente-usando-o-smartphone-no-trabalho-no-escritorio.jpg\",\"articleSection\":[\"Sem categoria\"],\"inLanguage\":\"en-US\"},{\"@type\":\"WebPage\",\"@id\":\"https:\/\/nedereromano.com.br\/en\/prazo-da-declaracao-de-ativos-no-exterior-comeca-dia-15-de-fevereiro\/\",\"url\":\"https:\/\/nedereromano.com.br\/en\/prazo-da-declaracao-de-ativos-no-exterior-comeca-dia-15-de-fevereiro\/\",\"name\":\"Prazo da Declara\u00e7\u00e3o de Ativos no Exterior\",\"isPartOf\":{\"@id\":\"https:\/\/nedereromano.com.br\/en\/#website\"},\"primaryImageOfPage\":{\"@id\":\"https:\/\/nedereromano.com.br\/en\/prazo-da-declaracao-de-ativos-no-exterior-comeca-dia-15-de-fevereiro\/#primaryimage\"},\"image\":{\"@id\":\"https:\/\/nedereromano.com.br\/prazo-da-declaracao-de-ativos-no-exterior-comeca-dia-15-de-fevereiro\/#primaryimage\"},\"thumbnailUrl\":\"https:\/\/nedereromano.com.br\/wp-content\/uploads\/2024\/04\/homem-irreconhecivel-vestido-casualmente-usando-o-smartphone-no-trabalho-no-escritorio.jpg\",\"datePublished\":\"2025-02-14T13:04:49+00:00\",\"dateModified\":\"2025-02-14T13:08:06+00:00\",\"description\":\"Inicia-se o prazo para entrega da\u00a0Declara\u00e7\u00e3o de Capitais Brasileiros no Exterior (DCBE)\u00a0referente ao\u00a0ano-base 2024\",\"breadcrumb\":{\"@id\":\"https:\/\/nedereromano.com.br\/en\/prazo-da-declaracao-de-ativos-no-exterior-comeca-dia-15-de-fevereiro\/#breadcrumb\"},\"inLanguage\":\"en-US\",\"potentialAction\":[{\"@type\":\"ReadAction\",\"target\":[[\"https:\/\/nedereromano.com.br\/en\/prazo-da-declaracao-de-ativos-no-exterior-comeca-dia-15-de-fevereiro\/\"]]}]},{\"@type\":\"ImageObject\",\"inLanguage\":\"en-US\",\"@id\":\"https:\/\/nedereromano.com.br\/en\/prazo-da-declaracao-de-ativos-no-exterior-comeca-dia-15-de-fevereiro\/#primaryimage\",\"url\":\"https:\/\/nedereromano.com.br\/wp-content\/uploads\/2024\/04\/homem-irreconhecivel-vestido-casualmente-usando-o-smartphone-no-trabalho-no-escritorio.jpg\",\"contentUrl\":\"https:\/\/nedereromano.com.br\/wp-content\/uploads\/2024\/04\/homem-irreconhecivel-vestido-casualmente-usando-o-smartphone-no-trabalho-no-escritorio.jpg\",\"width\":2000,\"height\":1335},{\"@type\":\"BreadcrumbList\",\"@id\":\"https:\/\/nedereromano.com.br\/en\/prazo-da-declaracao-de-ativos-no-exterior-comeca-dia-15-de-fevereiro\/#breadcrumb\",\"itemListElement\":[{\"@type\":\"ListItem\",\"position\":1,\"name\":\"In\u00edcio\",\"item\":\"https:\/\/nedereromano.com.br\/en\/\"},{\"@type\":\"ListItem\",\"position\":2,\"name\":\"Prazo da Declara\u00e7\u00e3o de Ativos no Exterior come\u00e7a dia 15 de fevereiro\"}]},{\"@type\":\"WebSite\",\"@id\":\"https:\/\/nedereromano.com.br\/en\/#website\",\"url\":\"https:\/\/nedereromano.com.br\/en\/\",\"name\":\"Neder e Romano Advogados\",\"description\":\"\",\"publisher\":{\"@id\":\"https:\/\/nedereromano.com.br\/en\/#organization\"},\"potentialAction\":[{\"@type\":\"SearchAction\",\"target\":{\"@type\":\"EntryPoint\",\"urlTemplate\":\"https:\/\/nedereromano.com.br\/en\/?s={search_term_string}\"},\"query-input\":{\"@type\":\"PropertyValueSpecification\",\"valueRequired\":true,\"valueName\":\"search_term_string\"}}],\"inLanguage\":\"en-US\"},{\"@type\":\"Organization\",\"@id\":\"https:\/\/nedereromano.com.br\/en\/#organization\",\"name\":\"Neder e Romano Advogados\",\"url\":\"https:\/\/nedereromano.com.br\/en\/\",\"logo\":{\"@type\":\"ImageObject\",\"inLanguage\":\"en-US\",\"@id\":\"https:\/\/nedereromano.com.br\/en\/#\/schema\/logo\/image\/\",\"url\":\"https:\/\/nedereromano.com.br\/wp-content\/uploads\/2025\/01\/Logo-02.png\",\"contentUrl\":\"https:\/\/nedereromano.com.br\/wp-content\/uploads\/2025\/01\/Logo-02.png\",\"width\":797,\"height\":148,\"caption\":\"Neder e Romano Advogados\"},\"image\":{\"@id\":\"https:\/\/nedereromano.com.br\/en\/#\/schema\/logo\/image\/\"},\"sameAs\":[\"https:\/\/www.linkedin.com\/company\/nedereromano\/posts\/?feedView=all\",\"https:\/\/www.instagram.com\/nedereromano\/\"]},{\"@type\":\"Person\",\"@id\":\"https:\/\/nedereromano.com.br\/#\/schema\/person\/a64d68f0b28c686c8a5a11ca14401b9c\",\"name\":\"LETS Marketing\",\"image\":{\"@type\":\"ImageObject\",\"inLanguage\":\"en-US\",\"@id\":\"https:\/\/nedereromano.com.br\/en\/#\/schema\/person\/image\/\",\"url\":\"https:\/\/secure.gravatar.com\/avatar\/6f5c31d0db7b52b3204173a2378513b6?s=96&d=mm&r=g\",\"contentUrl\":\"https:\/\/secure.gravatar.com\/avatar\/6f5c31d0db7b52b3204173a2378513b6?s=96&d=mm&r=g\",\"caption\":\"LETS Marketing\"},\"sameAs\":[\"http:\/\/www.letsmarketing.com.br\"],\"url\":\"https:\/\/nedereromano.com.br\/en\/author\/lets\/\"}]}<\/script>\n<!-- \/ Yoast SEO plugin. -->","yoast_head_json":{"title":"Prazo da Declara\u00e7\u00e3o de Ativos no Exterior","description":"Inicia-se o prazo para entrega da\u00a0Declara\u00e7\u00e3o de Capitais Brasileiros no Exterior (DCBE)\u00a0referente ao\u00a0ano-base 2024","robots":{"index":"index","follow":"follow","max-snippet":"max-snippet:-1","max-image-preview":"max-image-preview:large","max-video-preview":"max-video-preview:-1"},"canonical":"https:\/\/nedereromano.com.br\/en\/prazo-da-declaracao-de-ativos-no-exterior-comeca-dia-15-de-fevereiro\/","og_locale":"en_US","og_type":"article","og_title":"Prazo da Declara\u00e7\u00e3o de Ativos no Exterior","og_description":"Inicia-se o prazo para entrega da\u00a0Declara\u00e7\u00e3o de Capitais Brasileiros no Exterior (DCBE)\u00a0referente ao\u00a0ano-base 2024","og_url":"https:\/\/nedereromano.com.br\/en\/prazo-da-declaracao-de-ativos-no-exterior-comeca-dia-15-de-fevereiro\/","og_site_name":"Neder e Romano Advogados","article_published_time":"2025-02-14T13:04:49+00:00","article_modified_time":"2025-02-14T13:08:06+00:00","og_image":[{"width":2000,"height":1335,"url":"https:\/\/nedereromano.com.br\/wp-content\/uploads\/2024\/04\/homem-irreconhecivel-vestido-casualmente-usando-o-smartphone-no-trabalho-no-escritorio.jpg","type":"image\/jpeg"}],"author":"LETS Marketing","twitter_card":"summary_large_image","twitter_misc":{"Written by":"LETS Marketing","Est. reading time":"1 minute"},"schema":{"@context":"https:\/\/schema.org","@graph":[{"@type":"Article","@id":"https:\/\/nedereromano.com.br\/prazo-da-declaracao-de-ativos-no-exterior-comeca-dia-15-de-fevereiro\/#article","isPartOf":{"@id":"https:\/\/nedereromano.com.br\/prazo-da-declaracao-de-ativos-no-exterior-comeca-dia-15-de-fevereiro\/"},"author":{"name":"LETS Marketing","@id":"https:\/\/nedereromano.com.br\/#\/schema\/person\/a64d68f0b28c686c8a5a11ca14401b9c"},"headline":"Deadline for Foreign Asset Declaration Starts on February 15","datePublished":"2025-02-14T13:04:49+00:00","dateModified":"2025-02-14T13:08:06+00:00","mainEntityOfPage":{"@id":"https:\/\/nedereromano.com.br\/prazo-da-declaracao-de-ativos-no-exterior-comeca-dia-15-de-fevereiro\/"},"wordCount":302,"publisher":{"@id":"https:\/\/nedereromano.com.br\/#organization"},"image":{"@id":"https:\/\/nedereromano.com.br\/prazo-da-declaracao-de-ativos-no-exterior-comeca-dia-15-de-fevereiro\/#primaryimage"},"thumbnailUrl":"https:\/\/nedereromano.com.br\/wp-content\/uploads\/2024\/04\/homem-irreconhecivel-vestido-casualmente-usando-o-smartphone-no-trabalho-no-escritorio.jpg","articleSection":["Sem categoria"],"inLanguage":"en-US"},{"@type":"WebPage","@id":"https:\/\/nedereromano.com.br\/en\/prazo-da-declaracao-de-ativos-no-exterior-comeca-dia-15-de-fevereiro\/","url":"https:\/\/nedereromano.com.br\/en\/prazo-da-declaracao-de-ativos-no-exterior-comeca-dia-15-de-fevereiro\/","name":"Prazo da Declara\u00e7\u00e3o de Ativos no Exterior","isPartOf":{"@id":"https:\/\/nedereromano.com.br\/en\/#website"},"primaryImageOfPage":{"@id":"https:\/\/nedereromano.com.br\/en\/prazo-da-declaracao-de-ativos-no-exterior-comeca-dia-15-de-fevereiro\/#primaryimage"},"image":{"@id":"https:\/\/nedereromano.com.br\/prazo-da-declaracao-de-ativos-no-exterior-comeca-dia-15-de-fevereiro\/#primaryimage"},"thumbnailUrl":"https:\/\/nedereromano.com.br\/wp-content\/uploads\/2024\/04\/homem-irreconhecivel-vestido-casualmente-usando-o-smartphone-no-trabalho-no-escritorio.jpg","datePublished":"2025-02-14T13:04:49+00:00","dateModified":"2025-02-14T13:08:06+00:00","description":"Inicia-se o prazo para entrega da\u00a0Declara\u00e7\u00e3o de Capitais Brasileiros no Exterior (DCBE)\u00a0referente ao\u00a0ano-base 2024","breadcrumb":{"@id":"https:\/\/nedereromano.com.br\/en\/prazo-da-declaracao-de-ativos-no-exterior-comeca-dia-15-de-fevereiro\/#breadcrumb"},"inLanguage":"en-US","potentialAction":[{"@type":"ReadAction","target":[["https:\/\/nedereromano.com.br\/en\/prazo-da-declaracao-de-ativos-no-exterior-comeca-dia-15-de-fevereiro\/"]]}]},{"@type":"ImageObject","inLanguage":"en-US","@id":"https:\/\/nedereromano.com.br\/en\/prazo-da-declaracao-de-ativos-no-exterior-comeca-dia-15-de-fevereiro\/#primaryimage","url":"https:\/\/nedereromano.com.br\/wp-content\/uploads\/2024\/04\/homem-irreconhecivel-vestido-casualmente-usando-o-smartphone-no-trabalho-no-escritorio.jpg","contentUrl":"https:\/\/nedereromano.com.br\/wp-content\/uploads\/2024\/04\/homem-irreconhecivel-vestido-casualmente-usando-o-smartphone-no-trabalho-no-escritorio.jpg","width":2000,"height":1335},{"@type":"BreadcrumbList","@id":"https:\/\/nedereromano.com.br\/en\/prazo-da-declaracao-de-ativos-no-exterior-comeca-dia-15-de-fevereiro\/#breadcrumb","itemListElement":[{"@type":"ListItem","position":1,"name":"In\u00edcio","item":"https:\/\/nedereromano.com.br\/en\/"},{"@type":"ListItem","position":2,"name":"Prazo da Declara\u00e7\u00e3o de Ativos no Exterior come\u00e7a dia 15 de fevereiro"}]},{"@type":"WebSite","@id":"https:\/\/nedereromano.com.br\/en\/#website","url":"https:\/\/nedereromano.com.br\/en\/","name":"Neder e Romano Advogados","description":"","publisher":{"@id":"https:\/\/nedereromano.com.br\/en\/#organization"},"potentialAction":[{"@type":"SearchAction","target":{"@type":"EntryPoint","urlTemplate":"https:\/\/nedereromano.com.br\/en\/?s={search_term_string}"},"query-input":{"@type":"PropertyValueSpecification","valueRequired":true,"valueName":"search_term_string"}}],"inLanguage":"en-US"},{"@type":"Organization","@id":"https:\/\/nedereromano.com.br\/en\/#organization","name":"Neder e Romano Advogados","url":"https:\/\/nedereromano.com.br\/en\/","logo":{"@type":"ImageObject","inLanguage":"en-US","@id":"https:\/\/nedereromano.com.br\/en\/#\/schema\/logo\/image\/","url":"https:\/\/nedereromano.com.br\/wp-content\/uploads\/2025\/01\/Logo-02.png","contentUrl":"https:\/\/nedereromano.com.br\/wp-content\/uploads\/2025\/01\/Logo-02.png","width":797,"height":148,"caption":"Neder e Romano Advogados"},"image":{"@id":"https:\/\/nedereromano.com.br\/en\/#\/schema\/logo\/image\/"},"sameAs":["https:\/\/www.linkedin.com\/company\/nedereromano\/posts\/?feedView=all","https:\/\/www.instagram.com\/nedereromano\/"]},{"@type":"Person","@id":"https:\/\/nedereromano.com.br\/#\/schema\/person\/a64d68f0b28c686c8a5a11ca14401b9c","name":"LETS Marketing","image":{"@type":"ImageObject","inLanguage":"en-US","@id":"https:\/\/nedereromano.com.br\/en\/#\/schema\/person\/image\/","url":"https:\/\/secure.gravatar.com\/avatar\/6f5c31d0db7b52b3204173a2378513b6?s=96&d=mm&r=g","contentUrl":"https:\/\/secure.gravatar.com\/avatar\/6f5c31d0db7b52b3204173a2378513b6?s=96&d=mm&r=g","caption":"LETS Marketing"},"sameAs":["http:\/\/www.letsmarketing.com.br"],"url":"https:\/\/nedereromano.com.br\/en\/author\/lets\/"}]}},"_links":{"self":[{"href":"https:\/\/nedereromano.com.br\/en\/wp-json\/wp\/v2\/posts\/570","targetHints":{"allow":["GET"]}}],"collection":[{"href":"https:\/\/nedereromano.com.br\/en\/wp-json\/wp\/v2\/posts"}],"about":[{"href":"https:\/\/nedereromano.com.br\/en\/wp-json\/wp\/v2\/types\/post"}],"author":[{"embeddable":true,"href":"https:\/\/nedereromano.com.br\/en\/wp-json\/wp\/v2\/users\/2"}],"replies":[{"embeddable":true,"href":"https:\/\/nedereromano.com.br\/en\/wp-json\/wp\/v2\/comments?post=570"}],"version-history":[{"count":2,"href":"https:\/\/nedereromano.com.br\/en\/wp-json\/wp\/v2\/posts\/570\/revisions"}],"predecessor-version":[{"id":573,"href":"https:\/\/nedereromano.com.br\/en\/wp-json\/wp\/v2\/posts\/570\/revisions\/573"}],"wp:featuredmedia":[{"embeddable":true,"href":"https:\/\/nedereromano.com.br\/en\/wp-json\/wp\/v2\/media\/79"}],"wp:attachment":[{"href":"https:\/\/nedereromano.com.br\/en\/wp-json\/wp\/v2\/media?parent=570"}],"wp:term":[{"taxonomy":"category","embeddable":true,"href":"https:\/\/nedereromano.com.br\/en\/wp-json\/wp\/v2\/categories?post=570"},{"taxonomy":"post_tag","embeddable":true,"href":"https:\/\/nedereromano.com.br\/en\/wp-json\/wp\/v2\/tags?post=570"}],"curies":[{"name":"wp","href":"https:\/\/api.w.org\/{rel}","templated":true}]}}