{"id":554,"date":"2025-02-12T17:04:24","date_gmt":"2025-02-12T20:04:24","guid":{"rendered":"https:\/\/nedereromano.com.br\/?p=554"},"modified":"2025-02-12T21:48:17","modified_gmt":"2025-02-13T00:48:17","slug":"carf-mantem-cobranca-de-irpf-sobre-cessao-de-direitos-de-imagem-de-atleta","status":"publish","type":"post","link":"https:\/\/nedereromano.com.br\/en\/carf-mantem-cobranca-de-irpf-sobre-cessao-de-direitos-de-imagem-de-atleta\/","title":{"rendered":"CARF Upholds IRPF Taxation on the Assignment of Athletes&#8217; Image Rights"},"content":{"rendered":"<p><\/p>\n<p data-start=\"85\" data-end=\"464\">In a unanimous decision, the <strong data-start=\"114\" data-end=\"201\">2nd Panel of the Higher Chamber of the Administrative Council of Tax Appeals (CARF)<\/strong> upheld the <strong data-start=\"213\" data-end=\"248\">Personal Income Tax (IRPF) levy<\/strong> on the assignment of athletes&#8217; image rights received through a legal entity. The case involved <strong data-start=\"344\" data-end=\"388\">Cristiano Esp\u00edndola de Avalos dos Passos<\/strong>, a football player who, at the time, played for <strong data-start=\"437\" data-end=\"461\">Sport Club do Recife<\/strong>.<\/p>\n<hr data-start=\"466\" data-end=\"471\" \/>\n<h3 data-start=\"473\" data-end=\"505\"><strong data-start=\"477\" data-end=\"503\">Tax Assessment Context<\/strong><\/h3>\n<p data-start=\"507\" data-end=\"948\">During the tax assessment process, the <strong data-start=\"546\" data-end=\"565\">tax authorities<\/strong> concluded that the taxpayer (a professional athlete)\u2014whose sources of income as an individual taxpayer in <strong data-start=\"672\" data-end=\"680\">2007<\/strong> primarily included the sports entities <strong data-start=\"720\" data-end=\"746\">S\u00e3o Caetano and Santos<\/strong>, and in <strong data-start=\"755\" data-end=\"763\">2008<\/strong>, <strong data-start=\"765\" data-end=\"783\">Gr\u00eamio Barueri<\/strong>\u2014had established the legal entity <strong data-start=\"817\" data-end=\"860\">AVALOS &amp; CIA ASSESSORIA DE ATLETAS LTDA<\/strong> to receive earnings from the licensing of his image rights in a <strong data-start=\"925\" data-end=\"938\">simulated<\/strong> manner.<\/p>\n<p data-start=\"950\" data-end=\"985\">According to the tax authorities:<\/p>\n<p data-start=\"987\" data-end=\"1404\">\u2714\ufe0f The <strong data-start=\"994\" data-end=\"1057\">legal entity did not declare any financial activity in 2008<\/strong>;<br data-start=\"1058\" data-end=\"1061\" \/>\u2714\ufe0f Payments from the <strong data-start=\"1082\" data-end=\"1112\">Gr\u00eamio Barueri sports club<\/strong> were <strong data-start=\"1118\" data-end=\"1177\">deposited directly into the player&#8217;s individual account<\/strong>;<br data-start=\"1178\" data-end=\"1181\" \/>\u2714\ufe0f The tax authorities disregarded the assignment of the economic exploitation of the player&#8217;s image rights to the legal entity, <strong data-start=\"1310\" data-end=\"1336\">requalifying the facts<\/strong> and determining that taxation should apply <strong data-start=\"1380\" data-end=\"1401\">to the individual<\/strong>.<\/p>\n<hr data-start=\"1406\" data-end=\"1411\" \/>\n<h3 data-start=\"1413\" data-end=\"1444\"><strong data-start=\"1417\" data-end=\"1442\">Initial CARF Decision<\/strong><\/h3>\n<p data-start=\"1446\" data-end=\"1775\">At the <strong data-start=\"1453\" data-end=\"1479\">voluntary appeal stage<\/strong>, the <strong data-start=\"1485\" data-end=\"1531\">CARF initially canceled the tax assessment<\/strong>, ruling that, at the time of the events, <strong data-start=\"1573\" data-end=\"1663\">there was no legal requirement for formal contracts for the assignment of image rights<\/strong>, as this obligation was only introduced in <strong data-start=\"1707\" data-end=\"1715\">2011<\/strong> by <strong data-start=\"1719\" data-end=\"1731\">Lei Pel\u00e9<\/strong> (Article 87-A of <strong data-start=\"1749\" data-end=\"1771\">Law No. 9.615\/1998<\/strong>).<\/p>\n<p data-start=\"1777\" data-end=\"1978\">Additionally, CARF recognized that while <strong data-start=\"1818\" data-end=\"1858\">image rights are inherently personal<\/strong>, they also possess <strong data-start=\"1878\" data-end=\"1902\">a patrimonial aspect<\/strong>, allowing them to be licensed to third parties for economic exploitation.<\/p>\n<hr data-start=\"1980\" data-end=\"1985\" \/>\n<h3 data-start=\"1987\" data-end=\"2044\"><strong data-start=\"1991\" data-end=\"2042\">Reversal of Understanding in the Higher Chamber<\/strong><\/h3>\n<p data-start=\"2046\" data-end=\"2131\">However, this interpretation was <strong data-start=\"2079\" data-end=\"2102\">recently overturned<\/strong> in the <strong data-start=\"2110\" data-end=\"2128\">Higher Chamber<\/strong>.<\/p>\n<p data-start=\"2133\" data-end=\"2524\">The <strong data-start=\"2137\" data-end=\"2186\">Reporting Counselor, Leonam Rocha de Medeiros<\/strong>, noted that, in theory, <strong data-start=\"2211\" data-end=\"2255\">there would be no legal-tax irregularity<\/strong> in assigning the right to exploit an athlete&#8217;s image to a legal entity. However, upon analyzing the <strong data-start=\"2356\" data-end=\"2375\">factual context<\/strong>, he determined that there was <strong data-start=\"2406\" data-end=\"2441\">simulation due to artificiality<\/strong>, justifying the <strong data-start=\"2458\" data-end=\"2521\">requalification of tax liability to the individual taxpayer<\/strong>.<\/p>\n<hr data-start=\"2526\" data-end=\"2531\" \/>\n<h3 data-start=\"2533\" data-end=\"2615\"><strong data-start=\"2537\" data-end=\"2613\">Factors Leading to the Conclusion of Simulation by CARF&#8217;s Higher Chamber<\/strong><\/h3>\n<p data-start=\"2617\" data-end=\"3138\"><strong data-start=\"2620\" data-end=\"2645\">Absence of a contract<\/strong> between the football player (individual taxpayer) and his legal entity;<br data-start=\"2717\" data-end=\"2720\" \/>The legal entity <strong data-start=\"2740\" data-end=\"2792\">did not declare financial or accounting activity<\/strong> during the assessment period;<br data-start=\"2822\" data-end=\"2825\" \/><strong data-start=\"2828\" data-end=\"2870\">Arena rights and image rights payments<\/strong> for the <strong data-start=\"2879\" data-end=\"2903\">Panini sticker album<\/strong> were <strong data-start=\"2909\" data-end=\"2957\">paid directly to the player as an individual<\/strong>, without intermediation by the legal entity;<br data-start=\"3002\" data-end=\"3005\" \/>The player&#8217;s legal entity <strong data-start=\"3034\" data-end=\"3100\">billed exclusively for the club he was playing for at the time<\/strong>, with no other recorded operations.<\/p>\n<hr data-start=\"3140\" data-end=\"3145\" \/>\n<h3 data-start=\"3147\" data-end=\"3189\"><strong data-start=\"3151\" data-end=\"3187\">Position of the Majority Opinion<\/strong><\/h3>\n<p data-start=\"3191\" data-end=\"3335\">With a different rationale, the position of <strong data-start=\"3235\" data-end=\"3275\">Counselor Mauricio Nogueira Righetti<\/strong>, <strong data-start=\"3277\" data-end=\"3321\">designated writer of the winning opinion<\/strong>, prevailed.<\/p>\n<p data-start=\"3337\" data-end=\"3574\">He ruled in favor of the <strong data-start=\"3362\" data-end=\"3384\">special tax appeal<\/strong>, stating that <strong data-start=\"3399\" data-end=\"3445\">only with the enactment of Law 12.395\/2011<\/strong>, which added <strong data-start=\"3459\" data-end=\"3495\">Article 87-A to Law No. 9.615\/98<\/strong>, did specific regulations on the assignment of image rights come into force.<\/p>\n<p data-start=\"3576\" data-end=\"3763\">Even in that period, taxation should still fall on the <strong data-start=\"3631\" data-end=\"3664\">individual owner of the right<\/strong>, as it constitutes <strong data-start=\"3684\" data-end=\"3715\">income of a personal nature<\/strong>, subject to taxation at the individual level.<\/p>\n<hr data-start=\"3765\" data-end=\"3770\" \/>\n<h3 data-start=\"3772\" data-end=\"3792\"><strong data-start=\"3776\" data-end=\"3790\">Next Steps<\/strong><\/h3>\n<p data-start=\"3794\" data-end=\"3933\">The <strong data-start=\"3798\" data-end=\"3858\">administrative discussion is not yet definitively closed<\/strong>, as the case <strong data-start=\"3872\" data-end=\"3930\">awaits judgment on the filed motions for clarification<\/strong>.<\/p>\n<p data-start=\"3935\" data-end=\"4064\" data-is-last-node=\"\"><strong data-start=\"3938\" data-end=\"4064\" data-is-last-node=\"\">We are available to assess how this decision may impact other cases related to the assignment of image rights within CARF.<\/strong><\/p>\n<p><\/p>","protected":false},"excerpt":{"rendered":"<p>In a unanimous decision, the 2nd Panel of the Higher Chamber of the Administrative Council of Tax Appeals (CARF) upheld the Personal Income Tax (IRPF) [&hellip;]<\/p>\n","protected":false},"author":2,"featured_media":556,"comment_status":"closed","ping_status":"closed","sticky":false,"template":"","format":"standard","meta":{"_acf_changed":false,"footnotes":""},"categories":[1],"tags":[],"class_list":["post-554","post","type-post","status-publish","format-standard","has-post-thumbnail","hentry","category-noticias"],"acf":[],"yoast_head":"<!-- This site is optimized with the Yoast SEO plugin v24.4 - https:\/\/yoast.com\/wordpress\/plugins\/seo\/ -->\n<title>Cess\u00e3o de Direitos de Imagem de Atleta<\/title>\n<meta name=\"description\" content=\"CARF manteve a cobran\u00e7a do IRPF sobre a cess\u00e3o de direitos de imagem de atleta recebidos por meio de pessoa jur\u00eddica.\" \/>\n<meta name=\"robots\" content=\"index, follow, max-snippet:-1, max-image-preview:large, max-video-preview:-1\" \/>\n<link rel=\"canonical\" href=\"https:\/\/nedereromano.com.br\/en\/carf-mantem-cobranca-de-irpf-sobre-cessao-de-direitos-de-imagem-de-atleta\/\" \/>\n<meta property=\"og:locale\" content=\"en_US\" \/>\n<meta property=\"og:type\" content=\"article\" \/>\n<meta property=\"og:title\" content=\"Cess\u00e3o de Direitos de Imagem de Atleta\" \/>\n<meta property=\"og:description\" content=\"CARF manteve a cobran\u00e7a do IRPF sobre a cess\u00e3o de direitos de imagem de atleta recebidos por meio de pessoa jur\u00eddica.\" \/>\n<meta property=\"og:url\" content=\"https:\/\/nedereromano.com.br\/en\/carf-mantem-cobranca-de-irpf-sobre-cessao-de-direitos-de-imagem-de-atleta\/\" \/>\n<meta property=\"og:site_name\" content=\"Neder e Romano Advogados\" \/>\n<meta property=\"article:published_time\" content=\"2025-02-12T20:04:24+00:00\" \/>\n<meta property=\"article:modified_time\" content=\"2025-02-13T00:48:17+00:00\" \/>\n<meta property=\"og:image\" content=\"https:\/\/nedereromano.com.br\/wp-content\/uploads\/2025\/02\/grass-2616911_1280.jpg\" \/>\n\t<meta property=\"og:image:width\" content=\"1280\" \/>\n\t<meta property=\"og:image:height\" content=\"853\" \/>\n\t<meta property=\"og:image:type\" content=\"image\/jpeg\" \/>\n<meta name=\"author\" content=\"LETS Marketing\" \/>\n<meta name=\"twitter:card\" content=\"summary_large_image\" \/>\n<meta name=\"twitter:label1\" content=\"Written by\" \/>\n\t<meta name=\"twitter:data1\" content=\"LETS Marketing\" \/>\n\t<meta name=\"twitter:label2\" content=\"Est. reading time\" \/>\n\t<meta name=\"twitter:data2\" content=\"4 minutes\" \/>\n<script type=\"application\/ld+json\" class=\"yoast-schema-graph\">{\"@context\":\"https:\/\/schema.org\",\"@graph\":[{\"@type\":\"Article\",\"@id\":\"https:\/\/nedereromano.com.br\/carf-mantem-cobranca-de-irpf-sobre-cessao-de-direitos-de-imagem-de-atleta\/#article\",\"isPartOf\":{\"@id\":\"https:\/\/nedereromano.com.br\/carf-mantem-cobranca-de-irpf-sobre-cessao-de-direitos-de-imagem-de-atleta\/\"},\"author\":{\"name\":\"LETS Marketing\",\"@id\":\"https:\/\/nedereromano.com.br\/#\/schema\/person\/a64d68f0b28c686c8a5a11ca14401b9c\"},\"headline\":\"CARF Upholds IRPF Taxation on the Assignment of Athletes&#8217; Image Rights\",\"datePublished\":\"2025-02-12T20:04:24+00:00\",\"dateModified\":\"2025-02-13T00:48:17+00:00\",\"mainEntityOfPage\":{\"@id\":\"https:\/\/nedereromano.com.br\/carf-mantem-cobranca-de-irpf-sobre-cessao-de-direitos-de-imagem-de-atleta\/\"},\"wordCount\":1242,\"publisher\":{\"@id\":\"https:\/\/nedereromano.com.br\/#organization\"},\"image\":{\"@id\":\"https:\/\/nedereromano.com.br\/carf-mantem-cobranca-de-irpf-sobre-cessao-de-direitos-de-imagem-de-atleta\/#primaryimage\"},\"thumbnailUrl\":\"https:\/\/nedereromano.com.br\/wp-content\/uploads\/2025\/02\/grass-2616911_1280.jpg\",\"articleSection\":[\"Sem categoria\"],\"inLanguage\":\"en-US\"},{\"@type\":\"WebPage\",\"@id\":\"https:\/\/nedereromano.com.br\/en\/carf-mantem-cobranca-de-irpf-sobre-cessao-de-direitos-de-imagem-de-atleta\/\",\"url\":\"https:\/\/nedereromano.com.br\/en\/carf-mantem-cobranca-de-irpf-sobre-cessao-de-direitos-de-imagem-de-atleta\/\",\"name\":\"Cess\u00e3o de Direitos de Imagem de Atleta\",\"isPartOf\":{\"@id\":\"https:\/\/nedereromano.com.br\/en\/#website\"},\"primaryImageOfPage\":{\"@id\":\"https:\/\/nedereromano.com.br\/en\/carf-mantem-cobranca-de-irpf-sobre-cessao-de-direitos-de-imagem-de-atleta\/#primaryimage\"},\"image\":{\"@id\":\"https:\/\/nedereromano.com.br\/carf-mantem-cobranca-de-irpf-sobre-cessao-de-direitos-de-imagem-de-atleta\/#primaryimage\"},\"thumbnailUrl\":\"https:\/\/nedereromano.com.br\/wp-content\/uploads\/2025\/02\/grass-2616911_1280.jpg\",\"datePublished\":\"2025-02-12T20:04:24+00:00\",\"dateModified\":\"2025-02-13T00:48:17+00:00\",\"description\":\"CARF manteve a cobran\u00e7a do IRPF sobre a cess\u00e3o de direitos de imagem de atleta recebidos por meio de pessoa jur\u00eddica.\",\"breadcrumb\":{\"@id\":\"https:\/\/nedereromano.com.br\/en\/carf-mantem-cobranca-de-irpf-sobre-cessao-de-direitos-de-imagem-de-atleta\/#breadcrumb\"},\"inLanguage\":\"en-US\",\"potentialAction\":[{\"@type\":\"ReadAction\",\"target\":[[\"https:\/\/nedereromano.com.br\/en\/carf-mantem-cobranca-de-irpf-sobre-cessao-de-direitos-de-imagem-de-atleta\/\"]]}]},{\"@type\":\"ImageObject\",\"inLanguage\":\"en-US\",\"@id\":\"https:\/\/nedereromano.com.br\/en\/carf-mantem-cobranca-de-irpf-sobre-cessao-de-direitos-de-imagem-de-atleta\/#primaryimage\",\"url\":\"https:\/\/nedereromano.com.br\/wp-content\/uploads\/2025\/02\/grass-2616911_1280.jpg\",\"contentUrl\":\"https:\/\/nedereromano.com.br\/wp-content\/uploads\/2025\/02\/grass-2616911_1280.jpg\",\"width\":1280,\"height\":853},{\"@type\":\"BreadcrumbList\",\"@id\":\"https:\/\/nedereromano.com.br\/en\/carf-mantem-cobranca-de-irpf-sobre-cessao-de-direitos-de-imagem-de-atleta\/#breadcrumb\",\"itemListElement\":[{\"@type\":\"ListItem\",\"position\":1,\"name\":\"In\u00edcio\",\"item\":\"https:\/\/nedereromano.com.br\/en\/\"},{\"@type\":\"ListItem\",\"position\":2,\"name\":\"CARF Mant\u00e9m Cobran\u00e7a de IRPF sobre Cess\u00e3o de Direitos de Imagem de Atleta\"}]},{\"@type\":\"WebSite\",\"@id\":\"https:\/\/nedereromano.com.br\/en\/#website\",\"url\":\"https:\/\/nedereromano.com.br\/en\/\",\"name\":\"Neder e Romano Advogados\",\"description\":\"\",\"publisher\":{\"@id\":\"https:\/\/nedereromano.com.br\/en\/#organization\"},\"potentialAction\":[{\"@type\":\"SearchAction\",\"target\":{\"@type\":\"EntryPoint\",\"urlTemplate\":\"https:\/\/nedereromano.com.br\/en\/?s={search_term_string}\"},\"query-input\":{\"@type\":\"PropertyValueSpecification\",\"valueRequired\":true,\"valueName\":\"search_term_string\"}}],\"inLanguage\":\"en-US\"},{\"@type\":\"Organization\",\"@id\":\"https:\/\/nedereromano.com.br\/en\/#organization\",\"name\":\"Neder e Romano Advogados\",\"url\":\"https:\/\/nedereromano.com.br\/en\/\",\"logo\":{\"@type\":\"ImageObject\",\"inLanguage\":\"en-US\",\"@id\":\"https:\/\/nedereromano.com.br\/en\/#\/schema\/logo\/image\/\",\"url\":\"https:\/\/nedereromano.com.br\/wp-content\/uploads\/2025\/01\/Logo-02.png\",\"contentUrl\":\"https:\/\/nedereromano.com.br\/wp-content\/uploads\/2025\/01\/Logo-02.png\",\"width\":797,\"height\":148,\"caption\":\"Neder e Romano Advogados\"},\"image\":{\"@id\":\"https:\/\/nedereromano.com.br\/en\/#\/schema\/logo\/image\/\"},\"sameAs\":[\"https:\/\/www.linkedin.com\/company\/nedereromano\/posts\/?feedView=all\",\"https:\/\/www.instagram.com\/nedereromano\/\"]},{\"@type\":\"Person\",\"@id\":\"https:\/\/nedereromano.com.br\/#\/schema\/person\/a64d68f0b28c686c8a5a11ca14401b9c\",\"name\":\"LETS Marketing\",\"image\":{\"@type\":\"ImageObject\",\"inLanguage\":\"en-US\",\"@id\":\"https:\/\/nedereromano.com.br\/en\/#\/schema\/person\/image\/\",\"url\":\"https:\/\/secure.gravatar.com\/avatar\/6f5c31d0db7b52b3204173a2378513b6?s=96&d=mm&r=g\",\"contentUrl\":\"https:\/\/secure.gravatar.com\/avatar\/6f5c31d0db7b52b3204173a2378513b6?s=96&d=mm&r=g\",\"caption\":\"LETS Marketing\"},\"sameAs\":[\"http:\/\/www.letsmarketing.com.br\"],\"url\":\"https:\/\/nedereromano.com.br\/en\/author\/lets\/\"}]}<\/script>\n<!-- \/ Yoast SEO plugin. -->","yoast_head_json":{"title":"Cess\u00e3o de Direitos de Imagem de Atleta","description":"CARF manteve a cobran\u00e7a do IRPF sobre a cess\u00e3o de direitos de imagem de atleta recebidos por meio de pessoa jur\u00eddica.","robots":{"index":"index","follow":"follow","max-snippet":"max-snippet:-1","max-image-preview":"max-image-preview:large","max-video-preview":"max-video-preview:-1"},"canonical":"https:\/\/nedereromano.com.br\/en\/carf-mantem-cobranca-de-irpf-sobre-cessao-de-direitos-de-imagem-de-atleta\/","og_locale":"en_US","og_type":"article","og_title":"Cess\u00e3o de Direitos de Imagem de Atleta","og_description":"CARF manteve a cobran\u00e7a do IRPF sobre a cess\u00e3o de direitos de imagem de atleta recebidos por meio de pessoa jur\u00eddica.","og_url":"https:\/\/nedereromano.com.br\/en\/carf-mantem-cobranca-de-irpf-sobre-cessao-de-direitos-de-imagem-de-atleta\/","og_site_name":"Neder e Romano Advogados","article_published_time":"2025-02-12T20:04:24+00:00","article_modified_time":"2025-02-13T00:48:17+00:00","og_image":[{"width":1280,"height":853,"url":"https:\/\/nedereromano.com.br\/wp-content\/uploads\/2025\/02\/grass-2616911_1280.jpg","type":"image\/jpeg"}],"author":"LETS Marketing","twitter_card":"summary_large_image","twitter_misc":{"Written by":"LETS Marketing","Est. reading time":"4 minutes"},"schema":{"@context":"https:\/\/schema.org","@graph":[{"@type":"Article","@id":"https:\/\/nedereromano.com.br\/carf-mantem-cobranca-de-irpf-sobre-cessao-de-direitos-de-imagem-de-atleta\/#article","isPartOf":{"@id":"https:\/\/nedereromano.com.br\/carf-mantem-cobranca-de-irpf-sobre-cessao-de-direitos-de-imagem-de-atleta\/"},"author":{"name":"LETS Marketing","@id":"https:\/\/nedereromano.com.br\/#\/schema\/person\/a64d68f0b28c686c8a5a11ca14401b9c"},"headline":"CARF Upholds IRPF Taxation on the Assignment of Athletes&#8217; Image Rights","datePublished":"2025-02-12T20:04:24+00:00","dateModified":"2025-02-13T00:48:17+00:00","mainEntityOfPage":{"@id":"https:\/\/nedereromano.com.br\/carf-mantem-cobranca-de-irpf-sobre-cessao-de-direitos-de-imagem-de-atleta\/"},"wordCount":1242,"publisher":{"@id":"https:\/\/nedereromano.com.br\/#organization"},"image":{"@id":"https:\/\/nedereromano.com.br\/carf-mantem-cobranca-de-irpf-sobre-cessao-de-direitos-de-imagem-de-atleta\/#primaryimage"},"thumbnailUrl":"https:\/\/nedereromano.com.br\/wp-content\/uploads\/2025\/02\/grass-2616911_1280.jpg","articleSection":["Sem categoria"],"inLanguage":"en-US"},{"@type":"WebPage","@id":"https:\/\/nedereromano.com.br\/en\/carf-mantem-cobranca-de-irpf-sobre-cessao-de-direitos-de-imagem-de-atleta\/","url":"https:\/\/nedereromano.com.br\/en\/carf-mantem-cobranca-de-irpf-sobre-cessao-de-direitos-de-imagem-de-atleta\/","name":"Cess\u00e3o de Direitos de Imagem de Atleta","isPartOf":{"@id":"https:\/\/nedereromano.com.br\/en\/#website"},"primaryImageOfPage":{"@id":"https:\/\/nedereromano.com.br\/en\/carf-mantem-cobranca-de-irpf-sobre-cessao-de-direitos-de-imagem-de-atleta\/#primaryimage"},"image":{"@id":"https:\/\/nedereromano.com.br\/carf-mantem-cobranca-de-irpf-sobre-cessao-de-direitos-de-imagem-de-atleta\/#primaryimage"},"thumbnailUrl":"https:\/\/nedereromano.com.br\/wp-content\/uploads\/2025\/02\/grass-2616911_1280.jpg","datePublished":"2025-02-12T20:04:24+00:00","dateModified":"2025-02-13T00:48:17+00:00","description":"CARF manteve a cobran\u00e7a do IRPF sobre a cess\u00e3o de direitos de imagem de atleta recebidos por meio de pessoa jur\u00eddica.","breadcrumb":{"@id":"https:\/\/nedereromano.com.br\/en\/carf-mantem-cobranca-de-irpf-sobre-cessao-de-direitos-de-imagem-de-atleta\/#breadcrumb"},"inLanguage":"en-US","potentialAction":[{"@type":"ReadAction","target":[["https:\/\/nedereromano.com.br\/en\/carf-mantem-cobranca-de-irpf-sobre-cessao-de-direitos-de-imagem-de-atleta\/"]]}]},{"@type":"ImageObject","inLanguage":"en-US","@id":"https:\/\/nedereromano.com.br\/en\/carf-mantem-cobranca-de-irpf-sobre-cessao-de-direitos-de-imagem-de-atleta\/#primaryimage","url":"https:\/\/nedereromano.com.br\/wp-content\/uploads\/2025\/02\/grass-2616911_1280.jpg","contentUrl":"https:\/\/nedereromano.com.br\/wp-content\/uploads\/2025\/02\/grass-2616911_1280.jpg","width":1280,"height":853},{"@type":"BreadcrumbList","@id":"https:\/\/nedereromano.com.br\/en\/carf-mantem-cobranca-de-irpf-sobre-cessao-de-direitos-de-imagem-de-atleta\/#breadcrumb","itemListElement":[{"@type":"ListItem","position":1,"name":"In\u00edcio","item":"https:\/\/nedereromano.com.br\/en\/"},{"@type":"ListItem","position":2,"name":"CARF Mant\u00e9m Cobran\u00e7a de IRPF sobre Cess\u00e3o de Direitos de Imagem de Atleta"}]},{"@type":"WebSite","@id":"https:\/\/nedereromano.com.br\/en\/#website","url":"https:\/\/nedereromano.com.br\/en\/","name":"Neder e Romano Advogados","description":"","publisher":{"@id":"https:\/\/nedereromano.com.br\/en\/#organization"},"potentialAction":[{"@type":"SearchAction","target":{"@type":"EntryPoint","urlTemplate":"https:\/\/nedereromano.com.br\/en\/?s={search_term_string}"},"query-input":{"@type":"PropertyValueSpecification","valueRequired":true,"valueName":"search_term_string"}}],"inLanguage":"en-US"},{"@type":"Organization","@id":"https:\/\/nedereromano.com.br\/en\/#organization","name":"Neder e Romano Advogados","url":"https:\/\/nedereromano.com.br\/en\/","logo":{"@type":"ImageObject","inLanguage":"en-US","@id":"https:\/\/nedereromano.com.br\/en\/#\/schema\/logo\/image\/","url":"https:\/\/nedereromano.com.br\/wp-content\/uploads\/2025\/01\/Logo-02.png","contentUrl":"https:\/\/nedereromano.com.br\/wp-content\/uploads\/2025\/01\/Logo-02.png","width":797,"height":148,"caption":"Neder e Romano Advogados"},"image":{"@id":"https:\/\/nedereromano.com.br\/en\/#\/schema\/logo\/image\/"},"sameAs":["https:\/\/www.linkedin.com\/company\/nedereromano\/posts\/?feedView=all","https:\/\/www.instagram.com\/nedereromano\/"]},{"@type":"Person","@id":"https:\/\/nedereromano.com.br\/#\/schema\/person\/a64d68f0b28c686c8a5a11ca14401b9c","name":"LETS Marketing","image":{"@type":"ImageObject","inLanguage":"en-US","@id":"https:\/\/nedereromano.com.br\/en\/#\/schema\/person\/image\/","url":"https:\/\/secure.gravatar.com\/avatar\/6f5c31d0db7b52b3204173a2378513b6?s=96&d=mm&r=g","contentUrl":"https:\/\/secure.gravatar.com\/avatar\/6f5c31d0db7b52b3204173a2378513b6?s=96&d=mm&r=g","caption":"LETS Marketing"},"sameAs":["http:\/\/www.letsmarketing.com.br"],"url":"https:\/\/nedereromano.com.br\/en\/author\/lets\/"}]}},"_links":{"self":[{"href":"https:\/\/nedereromano.com.br\/en\/wp-json\/wp\/v2\/posts\/554","targetHints":{"allow":["GET"]}}],"collection":[{"href":"https:\/\/nedereromano.com.br\/en\/wp-json\/wp\/v2\/posts"}],"about":[{"href":"https:\/\/nedereromano.com.br\/en\/wp-json\/wp\/v2\/types\/post"}],"author":[{"embeddable":true,"href":"https:\/\/nedereromano.com.br\/en\/wp-json\/wp\/v2\/users\/2"}],"replies":[{"embeddable":true,"href":"https:\/\/nedereromano.com.br\/en\/wp-json\/wp\/v2\/comments?post=554"}],"version-history":[{"count":2,"href":"https:\/\/nedereromano.com.br\/en\/wp-json\/wp\/v2\/posts\/554\/revisions"}],"predecessor-version":[{"id":561,"href":"https:\/\/nedereromano.com.br\/en\/wp-json\/wp\/v2\/posts\/554\/revisions\/561"}],"wp:featuredmedia":[{"embeddable":true,"href":"https:\/\/nedereromano.com.br\/en\/wp-json\/wp\/v2\/media\/556"}],"wp:attachment":[{"href":"https:\/\/nedereromano.com.br\/en\/wp-json\/wp\/v2\/media?parent=554"}],"wp:term":[{"taxonomy":"category","embeddable":true,"href":"https:\/\/nedereromano.com.br\/en\/wp-json\/wp\/v2\/categories?post=554"},{"taxonomy":"post_tag","embeddable":true,"href":"https:\/\/nedereromano.com.br\/en\/wp-json\/wp\/v2\/tags?post=554"}],"curies":[{"name":"wp","href":"https:\/\/api.w.org\/{rel}","templated":true}]}}