{"id":544,"date":"2025-01-22T11:17:57","date_gmt":"2025-01-22T14:17:57","guid":{"rendered":"https:\/\/nedereromano.com.br\/?p=544"},"modified":"2025-02-13T09:56:21","modified_gmt":"2025-02-13T12:56:21","slug":"principais-mudancas-da-reforma-tributaria-com-a-sancao-da-lei-complementar-214-25","status":"publish","type":"post","link":"https:\/\/nedereromano.com.br\/en\/principais-mudancas-da-reforma-tributaria-com-a-sancao-da-lei-complementar-214-25\/","title":{"rendered":"Key Changes in the Tax Reform with the Enactment of Complementary Law 214\/25"},"content":{"rendered":"<p><\/p>\n<p data-start=\"88\" data-end=\"263\">On <strong data-start=\"91\" data-end=\"111\">January 16, 2025<\/strong>, <strong data-start=\"113\" data-end=\"141\">Complementary Law 214\/25<\/strong> was enacted and published with partial vetoes, regulating <strong data-start=\"200\" data-end=\"223\">Brazil\u2019s tax reform<\/strong>, which originated from <strong data-start=\"247\" data-end=\"260\">PLP 68\/24<\/strong>.<\/p>\n<p data-start=\"265\" data-end=\"694\">As our firm has been advising clients, this law represents a <strong data-start=\"326\" data-end=\"377\">significant overhaul of the national tax system<\/strong>, bringing relevant impacts to businesses and individuals, particularly in the area of <strong data-start=\"464\" data-end=\"488\">consumption taxation<\/strong>. Among the main changes are modifications to the <strong data-start=\"538\" data-end=\"570\">Goods and Services Tax (IBS)<\/strong> and the <strong data-start=\"579\" data-end=\"630\">Social Contribution on Goods and Services (CBS)<\/strong>, with a <strong data-start=\"639\" data-end=\"691\">consolidated tax rate that could reach up to 28%<\/strong>.<\/p>\n<hr data-start=\"696\" data-end=\"701\" \/>\n<h3 data-start=\"703\" data-end=\"745\"><strong data-start=\"707\" data-end=\"743\">Reorganization of the Tax System<\/strong><\/h3>\n<p data-start=\"747\" data-end=\"893\">The reform simplifies <strong data-start=\"769\" data-end=\"793\">consumption taxation<\/strong> by replacing the current <strong data-start=\"819\" data-end=\"833\">five taxes<\/strong> with a <strong data-start=\"841\" data-end=\"877\">dual Value-Added Tax (VAT) model<\/strong>, composed of:<\/p>\n<p data-start=\"895\" data-end=\"1042\">\u2714\ufe0f <strong data-start=\"898\" data-end=\"905\">CBS<\/strong>: Covers <strong data-start=\"914\" data-end=\"938\">PIS, Cofins, and IPI<\/strong>, under federal jurisdiction;<br data-start=\"967\" data-end=\"970\" \/>\u2714\ufe0f <strong data-start=\"973\" data-end=\"980\">IBS<\/strong>: Incorporates <strong data-start=\"995\" data-end=\"1039\">ICMS (state tax) and ISS (municipal tax)<\/strong>.<\/p>\n<p data-start=\"1044\" data-end=\"1266\">These changes <strong data-start=\"1058\" data-end=\"1102\">eliminate tax cascading and accumulation<\/strong>, creating a <strong data-start=\"1115\" data-end=\"1133\">simpler system<\/strong> but with <strong data-start=\"1143\" data-end=\"1171\">potential cost increases<\/strong> for businesses, particularly in sectors with <strong data-start=\"1217\" data-end=\"1263\">low margins or extensive production chains<\/strong>.<\/p>\n<hr data-start=\"1268\" data-end=\"1273\" \/>\n<h3 data-start=\"1275\" data-end=\"1322\"><strong data-start=\"1279\" data-end=\"1320\">Gradual Implementation and Transition<\/strong><\/h3>\n<p data-start=\"1324\" data-end=\"1371\">The reform will be implemented <strong data-start=\"1355\" data-end=\"1368\">gradually<\/strong>:<\/p>\n<p data-start=\"1373\" data-end=\"1540\"> <strong data-start=\"1376\" data-end=\"1384\">2026<\/strong>: Test phase with reduced rates for CBS and IBS;<br data-start=\"1432\" data-end=\"1435\" \/> <strong data-start=\"1438\" data-end=\"1454\">2027 to 2033<\/strong>: Transition to <strong data-start=\"1470\" data-end=\"1487\">new tax rates<\/strong>, while the old taxes are <strong data-start=\"1513\" data-end=\"1537\">gradually phased out<\/strong>.<\/p>\n<hr data-start=\"1542\" data-end=\"1547\" \/>\n<h3 data-start=\"1549\" data-end=\"1592\"><strong data-start=\"1553\" data-end=\"1590\">Main Points of the New Regulation<\/strong><\/h3>\n<p data-start=\"1594\" data-end=\"2196\">\u2714\ufe0f <strong data-start=\"1597\" data-end=\"1629\">Zero-rated basic food basket<\/strong>: Includes essential items such as <strong data-start=\"1664\" data-end=\"1709\">rice, beans, milk, meat, and French bread<\/strong>;<br data-start=\"1710\" data-end=\"1713\" \/>\u2714\ufe0f <strong data-start=\"1716\" data-end=\"1754\">60% reduction in the standard rate<\/strong>: Applies to items like <strong data-start=\"1778\" data-end=\"1823\">pasta, vegetable oils, and natural juices<\/strong>;<br data-start=\"1824\" data-end=\"1827\" \/>\u2714\ufe0f <strong data-start=\"1830\" data-end=\"1847\">Selective Tax<\/strong>: Applies to products such as <strong data-start=\"1877\" data-end=\"1933\">alcoholic beverages, cigarettes, vehicles, and boats<\/strong>, aiming to <strong data-start=\"1945\" data-end=\"2024\">discourage the consumption of products harmful to health or the environment<\/strong>;<br data-start=\"2025\" data-end=\"2028\" \/>\u2714\ufe0f <strong data-start=\"2031\" data-end=\"2070\">Cashback for low-income individuals<\/strong>: <strong data-start=\"2072\" data-end=\"2087\">100% refund<\/strong> of CBS and at least <strong data-start=\"2108\" data-end=\"2122\">20% refund<\/strong> of IBS on <strong data-start=\"2133\" data-end=\"2152\">essential items<\/strong>, such as <strong data-start=\"2162\" data-end=\"2193\">electricity and cooking gas<\/strong>.<\/p>\n<hr data-start=\"2198\" data-end=\"2203\" \/>\n<h3 data-start=\"2205\" data-end=\"2235\"><strong data-start=\"2209\" data-end=\"2233\">Impact on Businesses<\/strong><\/h3>\n<p data-start=\"2237\" data-end=\"2336\">The reform requires a <strong data-start=\"2259\" data-end=\"2279\">strategic review<\/strong> of <strong data-start=\"2283\" data-end=\"2299\">tax planning<\/strong>. Some key <strong data-start=\"2310\" data-end=\"2325\">adaptations<\/strong> include:<\/p>\n<p data-start=\"2338\" data-end=\"2778\">\u2714\ufe0f <strong data-start=\"2341\" data-end=\"2394\">Reviewing contracts and corporate reorganizations<\/strong> to mitigate the impact of higher tax costs;<br data-start=\"2438\" data-end=\"2441\" \/>\u2714\ufe0f <strong data-start=\"2444\" data-end=\"2485\">Analyzing supply chains and logistics<\/strong> to identify opportunities for savings and efficiency gains;<br data-start=\"2545\" data-end=\"2548\" \/>\u2714\ufe0f <strong data-start=\"2551\" data-end=\"2591\">Monitoring complementary regulations<\/strong>, which are essential for compliance with the new regulatory environment;<br data-start=\"2664\" data-end=\"2667\" \/>\u2714\ufe0f <strong data-start=\"2670\" data-end=\"2709\">Reassessing tax planning strategies<\/strong> that previously considered <strong data-start=\"2737\" data-end=\"2775\">state and municipal tax incentives<\/strong>.<\/p>\n<hr data-start=\"2780\" data-end=\"2785\" \/>\n<h3 data-start=\"2787\" data-end=\"2816\"><strong data-start=\"2791\" data-end=\"2814\">Presidential Vetoes<\/strong><\/h3>\n<p data-start=\"2818\" data-end=\"2889\">The Complementary Law was enacted with <strong data-start=\"2857\" data-end=\"2875\">partial vetoes<\/strong>, including:<\/p>\n<p data-start=\"2891\" data-end=\"3366\">\u2714\ufe0f <strong data-start=\"2894\" data-end=\"2930\">Selective Tax on mineral exports<\/strong>: Maintained, raising concerns among export sectors;<br data-start=\"2982\" data-end=\"2985\" \/>\u2714\ufe0f <strong data-start=\"2988\" data-end=\"3045\">Exclusion of tax substitution regimes for IBS and CBS<\/strong>, reducing complexity in fulfilling tax obligations;<br data-start=\"3097\" data-end=\"3100\" \/>\u2714\ufe0f <strong data-start=\"3103\" data-end=\"3150\">Entities remaining as IBS and CBS taxpayers<\/strong>:<br data-start=\"3151\" data-end=\"3154\" \/> <strong data-start=\"3160\" data-end=\"3180\">Investment Funds<\/strong>;<br data-start=\"3181\" data-end=\"3184\" \/> <strong data-start=\"3190\" data-end=\"3247\">Endowment funds established under Law No. 13.800\/2019<\/strong>;<br data-start=\"3248\" data-end=\"3251\" \/> <strong data-start=\"3257\" data-end=\"3295\">Real Estate Investment Funds (FII)<\/strong> and <strong data-start=\"3300\" data-end=\"3363\">Investment Funds in Agribusiness Production Chains (Fiagro)<\/strong>.<\/p>\n<p data-start=\"3368\" data-end=\"3455\">These vetoes will be <strong data-start=\"3389\" data-end=\"3413\">analyzed by Congress<\/strong>, which may <strong data-start=\"3425\" data-end=\"3452\">uphold or overturn them<\/strong>.<\/p>\n<hr data-start=\"3457\" data-end=\"3462\" \/>\n<h3 data-start=\"3464\" data-end=\"3509\"><strong data-start=\"3468\" data-end=\"3507\">Benefited Sectors and New Tax Rates<\/strong><\/h3>\n<p data-start=\"3511\" data-end=\"3870\">\u2714\ufe0f <strong data-start=\"3514\" data-end=\"3542\">Healthcare and education<\/strong>: <strong data-start=\"3544\" data-end=\"3565\">60% tax reduction<\/strong> for <strong data-start=\"3570\" data-end=\"3634\">medical services, accessibility devices, and basic education<\/strong>;<br data-start=\"3635\" data-end=\"3638\" \/>\u2714\ufe0f <strong data-start=\"3641\" data-end=\"3656\">Real estate<\/strong>: <strong data-start=\"3658\" data-end=\"3687\">Exemption for individuals<\/strong> with <strong data-start=\"3693\" data-end=\"3736\">rental income below R$ 240,000 per year<\/strong>;<br data-start=\"3737\" data-end=\"3740\" \/>\u2714\ufe0f <strong data-start=\"3743\" data-end=\"3768\">Liberal professionals<\/strong>: <strong data-start=\"3770\" data-end=\"3787\">18 categories<\/strong>, including <strong data-start=\"3799\" data-end=\"3824\">lawyers and engineers<\/strong>, will benefit from a <strong data-start=\"3846\" data-end=\"3867\">30% tax reduction<\/strong>.<\/p>\n<p data-start=\"3872\" data-end=\"3985\" data-is-last-node=\"\"> <strong data-start=\"3875\" data-end=\"3985\" data-is-last-node=\"\">We are available to clarify any questions and discuss the specific impacts of tax reform on your business.<\/strong><\/p>\n<p><\/p>","protected":false},"excerpt":{"rendered":"<p>On January 16, 2025, Complementary Law 214\/25 was enacted and published with partial vetoes, regulating Brazil\u2019s tax reform, which originated from PLP 68\/24. As our [&hellip;]<\/p>\n","protected":false},"author":2,"featured_media":433,"comment_status":"closed","ping_status":"closed","sticky":false,"template":"","format":"standard","meta":{"_acf_changed":false,"footnotes":""},"categories":[16,1],"tags":[],"class_list":["post-544","post","type-post","status-publish","format-standard","has-post-thumbnail","hentry","category-informativo","category-noticias"],"acf":[],"yoast_head":"<!-- This site is optimized with the Yoast SEO plugin v24.4 - https:\/\/yoast.com\/wordpress\/plugins\/seo\/ -->\n<title>Key Changes in the Tax Reform with the Enactment of Complementary Law 214\/25 - Neder e Romano Advogados<\/title>\n<meta name=\"robots\" content=\"index, follow, max-snippet:-1, max-image-preview:large, max-video-preview:-1\" \/>\n<link rel=\"canonical\" href=\"https:\/\/nedereromano.com.br\/en\/principais-mudancas-da-reforma-tributaria-com-a-sancao-da-lei-complementar-214-25\/\" \/>\n<meta property=\"og:locale\" content=\"en_US\" \/>\n<meta property=\"og:type\" content=\"article\" \/>\n<meta property=\"og:title\" content=\"Key Changes in the Tax Reform with the Enactment of Complementary Law 214\/25 - Neder e Romano Advogados\" \/>\n<meta property=\"og:description\" content=\"On January 16, 2025, Complementary Law 214\/25 was enacted and published with partial vetoes, regulating Brazil\u2019s tax reform, which originated from PLP 68\/24. As our [&hellip;]\" \/>\n<meta property=\"og:url\" content=\"https:\/\/nedereromano.com.br\/en\/principais-mudancas-da-reforma-tributaria-com-a-sancao-da-lei-complementar-214-25\/\" \/>\n<meta property=\"og:site_name\" content=\"Neder e Romano Advogados\" \/>\n<meta property=\"article:published_time\" content=\"2025-01-22T14:17:57+00:00\" \/>\n<meta property=\"article:modified_time\" content=\"2025-02-13T12:56:21+00:00\" \/>\n<meta property=\"og:image\" content=\"https:\/\/nedereromano.com.br\/wp-content\/uploads\/2023\/06\/Depositphotos_199839204_ds-scaled-e1719858599889.jpg\" \/>\n\t<meta property=\"og:image:width\" content=\"1080\" \/>\n\t<meta property=\"og:image:height\" content=\"720\" \/>\n\t<meta property=\"og:image:type\" content=\"image\/jpeg\" \/>\n<meta name=\"author\" content=\"LETS Marketing\" \/>\n<meta name=\"twitter:card\" content=\"summary_large_image\" \/>\n<meta name=\"twitter:label1\" content=\"Written by\" \/>\n\t<meta name=\"twitter:data1\" content=\"LETS Marketing\" \/>\n\t<meta name=\"twitter:label2\" content=\"Est. reading time\" \/>\n\t<meta name=\"twitter:data2\" content=\"4 minutes\" \/>\n<script type=\"application\/ld+json\" class=\"yoast-schema-graph\">{\"@context\":\"https:\/\/schema.org\",\"@graph\":[{\"@type\":\"Article\",\"@id\":\"https:\/\/nedereromano.com.br\/principais-mudancas-da-reforma-tributaria-com-a-sancao-da-lei-complementar-214-25\/#article\",\"isPartOf\":{\"@id\":\"https:\/\/nedereromano.com.br\/principais-mudancas-da-reforma-tributaria-com-a-sancao-da-lei-complementar-214-25\/\"},\"author\":{\"name\":\"LETS Marketing\",\"@id\":\"https:\/\/nedereromano.com.br\/#\/schema\/person\/a64d68f0b28c686c8a5a11ca14401b9c\"},\"headline\":\"Key Changes in the Tax Reform with the Enactment of Complementary Law 214\/25\",\"datePublished\":\"2025-01-22T14:17:57+00:00\",\"dateModified\":\"2025-02-13T12:56:21+00:00\",\"mainEntityOfPage\":{\"@id\":\"https:\/\/nedereromano.com.br\/principais-mudancas-da-reforma-tributaria-com-a-sancao-da-lei-complementar-214-25\/\"},\"wordCount\":1106,\"publisher\":{\"@id\":\"https:\/\/nedereromano.com.br\/#organization\"},\"image\":{\"@id\":\"https:\/\/nedereromano.com.br\/principais-mudancas-da-reforma-tributaria-com-a-sancao-da-lei-complementar-214-25\/#primaryimage\"},\"thumbnailUrl\":\"https:\/\/nedereromano.com.br\/wp-content\/uploads\/2023\/06\/Depositphotos_199839204_ds-scaled-e1719858599889.jpg\",\"articleSection\":[\"Informativo\",\"Sem categoria\"],\"inLanguage\":\"en-US\"},{\"@type\":\"WebPage\",\"@id\":\"https:\/\/nedereromano.com.br\/en\/principais-mudancas-da-reforma-tributaria-com-a-sancao-da-lei-complementar-214-25\/\",\"url\":\"https:\/\/nedereromano.com.br\/en\/principais-mudancas-da-reforma-tributaria-com-a-sancao-da-lei-complementar-214-25\/\",\"name\":\"Key Changes in the Tax Reform with the Enactment of Complementary Law 214\/25 - Neder e Romano Advogados\",\"isPartOf\":{\"@id\":\"https:\/\/nedereromano.com.br\/en\/#website\"},\"primaryImageOfPage\":{\"@id\":\"https:\/\/nedereromano.com.br\/en\/principais-mudancas-da-reforma-tributaria-com-a-sancao-da-lei-complementar-214-25\/#primaryimage\"},\"image\":{\"@id\":\"https:\/\/nedereromano.com.br\/principais-mudancas-da-reforma-tributaria-com-a-sancao-da-lei-complementar-214-25\/#primaryimage\"},\"thumbnailUrl\":\"https:\/\/nedereromano.com.br\/wp-content\/uploads\/2023\/06\/Depositphotos_199839204_ds-scaled-e1719858599889.jpg\",\"datePublished\":\"2025-01-22T14:17:57+00:00\",\"dateModified\":\"2025-02-13T12:56:21+00:00\",\"breadcrumb\":{\"@id\":\"https:\/\/nedereromano.com.br\/en\/principais-mudancas-da-reforma-tributaria-com-a-sancao-da-lei-complementar-214-25\/#breadcrumb\"},\"inLanguage\":\"en-US\",\"potentialAction\":[{\"@type\":\"ReadAction\",\"target\":[[\"https:\/\/nedereromano.com.br\/en\/principais-mudancas-da-reforma-tributaria-com-a-sancao-da-lei-complementar-214-25\/\"]]}]},{\"@type\":\"ImageObject\",\"inLanguage\":\"en-US\",\"@id\":\"https:\/\/nedereromano.com.br\/en\/principais-mudancas-da-reforma-tributaria-com-a-sancao-da-lei-complementar-214-25\/#primaryimage\",\"url\":\"https:\/\/nedereromano.com.br\/wp-content\/uploads\/2023\/06\/Depositphotos_199839204_ds-scaled-e1719858599889.jpg\",\"contentUrl\":\"https:\/\/nedereromano.com.br\/wp-content\/uploads\/2023\/06\/Depositphotos_199839204_ds-scaled-e1719858599889.jpg\",\"width\":1080,\"height\":720,\"caption\":\"person pointing writing goals on a paper, writing business plan at workplace, man holding pens, papers, notes in documents, Saving money concept, graph, stacks of coins, chart and pen\"},{\"@type\":\"BreadcrumbList\",\"@id\":\"https:\/\/nedereromano.com.br\/en\/principais-mudancas-da-reforma-tributaria-com-a-sancao-da-lei-complementar-214-25\/#breadcrumb\",\"itemListElement\":[{\"@type\":\"ListItem\",\"position\":1,\"name\":\"In\u00edcio\",\"item\":\"https:\/\/nedereromano.com.br\/en\/\"},{\"@type\":\"ListItem\",\"position\":2,\"name\":\"Principais mudan\u00e7as da reforma tribut\u00e1ria com a san\u00e7\u00e3o da Lei Complementar 214\/25\"}]},{\"@type\":\"WebSite\",\"@id\":\"https:\/\/nedereromano.com.br\/en\/#website\",\"url\":\"https:\/\/nedereromano.com.br\/en\/\",\"name\":\"Neder e Romano Advogados\",\"description\":\"\",\"publisher\":{\"@id\":\"https:\/\/nedereromano.com.br\/en\/#organization\"},\"potentialAction\":[{\"@type\":\"SearchAction\",\"target\":{\"@type\":\"EntryPoint\",\"urlTemplate\":\"https:\/\/nedereromano.com.br\/en\/?s={search_term_string}\"},\"query-input\":{\"@type\":\"PropertyValueSpecification\",\"valueRequired\":true,\"valueName\":\"search_term_string\"}}],\"inLanguage\":\"en-US\"},{\"@type\":\"Organization\",\"@id\":\"https:\/\/nedereromano.com.br\/en\/#organization\",\"name\":\"Neder e Romano Advogados\",\"url\":\"https:\/\/nedereromano.com.br\/en\/\",\"logo\":{\"@type\":\"ImageObject\",\"inLanguage\":\"en-US\",\"@id\":\"https:\/\/nedereromano.com.br\/en\/#\/schema\/logo\/image\/\",\"url\":\"https:\/\/nedereromano.com.br\/wp-content\/uploads\/2025\/01\/Logo-02.png\",\"contentUrl\":\"https:\/\/nedereromano.com.br\/wp-content\/uploads\/2025\/01\/Logo-02.png\",\"width\":797,\"height\":148,\"caption\":\"Neder e Romano Advogados\"},\"image\":{\"@id\":\"https:\/\/nedereromano.com.br\/en\/#\/schema\/logo\/image\/\"},\"sameAs\":[\"https:\/\/www.linkedin.com\/company\/nedereromano\/posts\/?feedView=all\",\"https:\/\/www.instagram.com\/nedereromano\/\"]},{\"@type\":\"Person\",\"@id\":\"https:\/\/nedereromano.com.br\/#\/schema\/person\/a64d68f0b28c686c8a5a11ca14401b9c\",\"name\":\"LETS Marketing\",\"image\":{\"@type\":\"ImageObject\",\"inLanguage\":\"en-US\",\"@id\":\"https:\/\/nedereromano.com.br\/en\/#\/schema\/person\/image\/\",\"url\":\"https:\/\/secure.gravatar.com\/avatar\/6f5c31d0db7b52b3204173a2378513b6?s=96&d=mm&r=g\",\"contentUrl\":\"https:\/\/secure.gravatar.com\/avatar\/6f5c31d0db7b52b3204173a2378513b6?s=96&d=mm&r=g\",\"caption\":\"LETS Marketing\"},\"sameAs\":[\"http:\/\/www.letsmarketing.com.br\"],\"url\":\"https:\/\/nedereromano.com.br\/en\/author\/lets\/\"}]}<\/script>\n<!-- \/ Yoast SEO plugin. -->","yoast_head_json":{"title":"Key Changes in the Tax Reform with the Enactment of Complementary Law 214\/25 - Neder e Romano Advogados","robots":{"index":"index","follow":"follow","max-snippet":"max-snippet:-1","max-image-preview":"max-image-preview:large","max-video-preview":"max-video-preview:-1"},"canonical":"https:\/\/nedereromano.com.br\/en\/principais-mudancas-da-reforma-tributaria-com-a-sancao-da-lei-complementar-214-25\/","og_locale":"en_US","og_type":"article","og_title":"Key Changes in the Tax Reform with the Enactment of Complementary Law 214\/25 - Neder e Romano Advogados","og_description":"On January 16, 2025, Complementary Law 214\/25 was enacted and published with partial vetoes, regulating Brazil\u2019s tax reform, which originated from PLP 68\/24. As our [&hellip;]","og_url":"https:\/\/nedereromano.com.br\/en\/principais-mudancas-da-reforma-tributaria-com-a-sancao-da-lei-complementar-214-25\/","og_site_name":"Neder e Romano Advogados","article_published_time":"2025-01-22T14:17:57+00:00","article_modified_time":"2025-02-13T12:56:21+00:00","og_image":[{"width":1080,"height":720,"url":"https:\/\/nedereromano.com.br\/wp-content\/uploads\/2023\/06\/Depositphotos_199839204_ds-scaled-e1719858599889.jpg","type":"image\/jpeg"}],"author":"LETS Marketing","twitter_card":"summary_large_image","twitter_misc":{"Written by":"LETS Marketing","Est. reading time":"4 minutes"},"schema":{"@context":"https:\/\/schema.org","@graph":[{"@type":"Article","@id":"https:\/\/nedereromano.com.br\/principais-mudancas-da-reforma-tributaria-com-a-sancao-da-lei-complementar-214-25\/#article","isPartOf":{"@id":"https:\/\/nedereromano.com.br\/principais-mudancas-da-reforma-tributaria-com-a-sancao-da-lei-complementar-214-25\/"},"author":{"name":"LETS Marketing","@id":"https:\/\/nedereromano.com.br\/#\/schema\/person\/a64d68f0b28c686c8a5a11ca14401b9c"},"headline":"Key Changes in the Tax Reform with the Enactment of Complementary Law 214\/25","datePublished":"2025-01-22T14:17:57+00:00","dateModified":"2025-02-13T12:56:21+00:00","mainEntityOfPage":{"@id":"https:\/\/nedereromano.com.br\/principais-mudancas-da-reforma-tributaria-com-a-sancao-da-lei-complementar-214-25\/"},"wordCount":1106,"publisher":{"@id":"https:\/\/nedereromano.com.br\/#organization"},"image":{"@id":"https:\/\/nedereromano.com.br\/principais-mudancas-da-reforma-tributaria-com-a-sancao-da-lei-complementar-214-25\/#primaryimage"},"thumbnailUrl":"https:\/\/nedereromano.com.br\/wp-content\/uploads\/2023\/06\/Depositphotos_199839204_ds-scaled-e1719858599889.jpg","articleSection":["Informativo","Sem categoria"],"inLanguage":"en-US"},{"@type":"WebPage","@id":"https:\/\/nedereromano.com.br\/en\/principais-mudancas-da-reforma-tributaria-com-a-sancao-da-lei-complementar-214-25\/","url":"https:\/\/nedereromano.com.br\/en\/principais-mudancas-da-reforma-tributaria-com-a-sancao-da-lei-complementar-214-25\/","name":"Key Changes in the Tax Reform with the Enactment of Complementary Law 214\/25 - Neder e Romano Advogados","isPartOf":{"@id":"https:\/\/nedereromano.com.br\/en\/#website"},"primaryImageOfPage":{"@id":"https:\/\/nedereromano.com.br\/en\/principais-mudancas-da-reforma-tributaria-com-a-sancao-da-lei-complementar-214-25\/#primaryimage"},"image":{"@id":"https:\/\/nedereromano.com.br\/principais-mudancas-da-reforma-tributaria-com-a-sancao-da-lei-complementar-214-25\/#primaryimage"},"thumbnailUrl":"https:\/\/nedereromano.com.br\/wp-content\/uploads\/2023\/06\/Depositphotos_199839204_ds-scaled-e1719858599889.jpg","datePublished":"2025-01-22T14:17:57+00:00","dateModified":"2025-02-13T12:56:21+00:00","breadcrumb":{"@id":"https:\/\/nedereromano.com.br\/en\/principais-mudancas-da-reforma-tributaria-com-a-sancao-da-lei-complementar-214-25\/#breadcrumb"},"inLanguage":"en-US","potentialAction":[{"@type":"ReadAction","target":[["https:\/\/nedereromano.com.br\/en\/principais-mudancas-da-reforma-tributaria-com-a-sancao-da-lei-complementar-214-25\/"]]}]},{"@type":"ImageObject","inLanguage":"en-US","@id":"https:\/\/nedereromano.com.br\/en\/principais-mudancas-da-reforma-tributaria-com-a-sancao-da-lei-complementar-214-25\/#primaryimage","url":"https:\/\/nedereromano.com.br\/wp-content\/uploads\/2023\/06\/Depositphotos_199839204_ds-scaled-e1719858599889.jpg","contentUrl":"https:\/\/nedereromano.com.br\/wp-content\/uploads\/2023\/06\/Depositphotos_199839204_ds-scaled-e1719858599889.jpg","width":1080,"height":720,"caption":"person pointing writing goals on a paper, writing business plan at workplace, man holding pens, papers, notes in documents, Saving money concept, graph, stacks of coins, chart and pen"},{"@type":"BreadcrumbList","@id":"https:\/\/nedereromano.com.br\/en\/principais-mudancas-da-reforma-tributaria-com-a-sancao-da-lei-complementar-214-25\/#breadcrumb","itemListElement":[{"@type":"ListItem","position":1,"name":"In\u00edcio","item":"https:\/\/nedereromano.com.br\/en\/"},{"@type":"ListItem","position":2,"name":"Principais mudan\u00e7as da reforma tribut\u00e1ria com a san\u00e7\u00e3o da Lei Complementar 214\/25"}]},{"@type":"WebSite","@id":"https:\/\/nedereromano.com.br\/en\/#website","url":"https:\/\/nedereromano.com.br\/en\/","name":"Neder e Romano Advogados","description":"","publisher":{"@id":"https:\/\/nedereromano.com.br\/en\/#organization"},"potentialAction":[{"@type":"SearchAction","target":{"@type":"EntryPoint","urlTemplate":"https:\/\/nedereromano.com.br\/en\/?s={search_term_string}"},"query-input":{"@type":"PropertyValueSpecification","valueRequired":true,"valueName":"search_term_string"}}],"inLanguage":"en-US"},{"@type":"Organization","@id":"https:\/\/nedereromano.com.br\/en\/#organization","name":"Neder e Romano Advogados","url":"https:\/\/nedereromano.com.br\/en\/","logo":{"@type":"ImageObject","inLanguage":"en-US","@id":"https:\/\/nedereromano.com.br\/en\/#\/schema\/logo\/image\/","url":"https:\/\/nedereromano.com.br\/wp-content\/uploads\/2025\/01\/Logo-02.png","contentUrl":"https:\/\/nedereromano.com.br\/wp-content\/uploads\/2025\/01\/Logo-02.png","width":797,"height":148,"caption":"Neder e Romano Advogados"},"image":{"@id":"https:\/\/nedereromano.com.br\/en\/#\/schema\/logo\/image\/"},"sameAs":["https:\/\/www.linkedin.com\/company\/nedereromano\/posts\/?feedView=all","https:\/\/www.instagram.com\/nedereromano\/"]},{"@type":"Person","@id":"https:\/\/nedereromano.com.br\/#\/schema\/person\/a64d68f0b28c686c8a5a11ca14401b9c","name":"LETS Marketing","image":{"@type":"ImageObject","inLanguage":"en-US","@id":"https:\/\/nedereromano.com.br\/en\/#\/schema\/person\/image\/","url":"https:\/\/secure.gravatar.com\/avatar\/6f5c31d0db7b52b3204173a2378513b6?s=96&d=mm&r=g","contentUrl":"https:\/\/secure.gravatar.com\/avatar\/6f5c31d0db7b52b3204173a2378513b6?s=96&d=mm&r=g","caption":"LETS Marketing"},"sameAs":["http:\/\/www.letsmarketing.com.br"],"url":"https:\/\/nedereromano.com.br\/en\/author\/lets\/"}]}},"_links":{"self":[{"href":"https:\/\/nedereromano.com.br\/en\/wp-json\/wp\/v2\/posts\/544","targetHints":{"allow":["GET"]}}],"collection":[{"href":"https:\/\/nedereromano.com.br\/en\/wp-json\/wp\/v2\/posts"}],"about":[{"href":"https:\/\/nedereromano.com.br\/en\/wp-json\/wp\/v2\/types\/post"}],"author":[{"embeddable":true,"href":"https:\/\/nedereromano.com.br\/en\/wp-json\/wp\/v2\/users\/2"}],"replies":[{"embeddable":true,"href":"https:\/\/nedereromano.com.br\/en\/wp-json\/wp\/v2\/comments?post=544"}],"version-history":[{"count":1,"href":"https:\/\/nedereromano.com.br\/en\/wp-json\/wp\/v2\/posts\/544\/revisions"}],"predecessor-version":[{"id":562,"href":"https:\/\/nedereromano.com.br\/en\/wp-json\/wp\/v2\/posts\/544\/revisions\/562"}],"wp:featuredmedia":[{"embeddable":true,"href":"https:\/\/nedereromano.com.br\/en\/wp-json\/wp\/v2\/media\/433"}],"wp:attachment":[{"href":"https:\/\/nedereromano.com.br\/en\/wp-json\/wp\/v2\/media?parent=544"}],"wp:term":[{"taxonomy":"category","embeddable":true,"href":"https:\/\/nedereromano.com.br\/en\/wp-json\/wp\/v2\/categories?post=544"},{"taxonomy":"post_tag","embeddable":true,"href":"https:\/\/nedereromano.com.br\/en\/wp-json\/wp\/v2\/tags?post=544"}],"curies":[{"name":"wp","href":"https:\/\/api.w.org\/{rel}","templated":true}]}}